{"id":28807,"date":"2012-05-29T12:41:21","date_gmt":"2012-05-29T10:41:21","guid":{"rendered":"https:\/\/club.cnelbalis.com\/pol-i-oscar-podi-de-feva\/"},"modified":"2022-06-24T08:58:12","modified_gmt":"2022-06-24T06:58:12","slug":"pol-i-oscar-podi-de-feva","status":"publish","type":"post","link":"https:\/\/www.cnelbalis.com\/ca\/pol-i-oscar-podi-de-feva\/","title":{"rendered":"Pol i Oscar, podi de Feva"},"content":{"rendered":"<p>En Pol Aracil i l&#8217;Oscar Diaz han quedat tercers en la \u00faltima regata del circuit RSFeva, el Trofeu mar d&#8217;Emp\u00faries de l&#8217;Escala. L&#8217;Albert Tell i en Nacho Catas\u00fas van quedar sisens a la seva primera regata fora del Bal\u00eds.<\/p>\n<p>En Guillem Vidiella, el seu entrenador, assegura que els regatistes estan molt contents i s&#8217;ho han passat molt b\u00e9, a m\u00e9s, han millorat molt. <\/p>\n<p>Ha estat una bona experi\u00e8ncia pels alumnes de l&#8217;Escola de Vela juvenils, que s&#8217;han iniciat a les regates al club i tamb\u00e9 fora.<\/p>\n<p>Font CN L&#8217;Escala &#8220;Pel que fa als RS Feva, la vict\u00f2ria del I Trofeu Mar d&#8217;Emp\u00faries era per a la tripulaci\u00f3 del GEN Roses composta per Marc Isern i Sergi Bernal, que dominaven pr\u00e0cticament tot el campionat i acumulaven nom\u00e9s set punts. A quatre punts de dist\u00e0ncia, el segon esgla\u00f3 del podi era per Manel D\u00edaz i Aniol Anglada, del CN Estartit, mentre que Pol Aracil i Oscar D\u00edaz, del CN el Bal\u00eds, es feien amb la tercera pla\u00e7a.<\/p>\n<p>Un cop completat el Circuit RS Feva 2012, els navegants del CN Estartit es feien amb el Trofeu RS Veleros i amb el dret a escollir la tripulaci\u00f3 que viatjar\u00e0 patrocinada fins a Hayling, Anglaterra, entre els propers 21 i 27 de juliol, per disputar el Campionat del M\u00f3n de la classe.&#8221;<\/p>\n<p><img loading=\"lazy\" decoding=\"async\" src=\"https:\/\/www.cnelbalis.com\/wp-content\/uploads\/vj-w\/-i\/86.jpg\" alt=\"86\" width=\"640\" height=\"425\" class=\"alignright size-full wp-image-7429\" \/><\/p>\n","protected":false},"excerpt":{"rendered":"<p>En Pol Aracil i l&#8217;Oscar Diaz han quedat tercers en la \u00faltima regata del circuit RSFeva, el Trofeu mar d&#8217;Emp\u00faries de l&#8217;Escala. L&#8217;Albert Tell i en Nacho Catas\u00fas van quedar sisens a la seva primera regata fora del Bal\u00eds. En Guillem Vidiella, el seu entrenador, assegura que els regatistes estan molt contents i s&#8217;ho han [&hellip;]<\/p>\n","protected":false},"author":1,"featured_media":6885,"comment_status":"open","ping_status":"open","sticky":false,"template":"","format":"standard","meta":{"footnotes":""},"categories":[782],"tags":[],"class_list":["post-28807","post","type-post","status-publish","format-standard","has-post-thumbnail","hentry","category-esport"],"acf":[],"_links":{"self":[{"href":"https:\/\/www.cnelbalis.com\/ca\/wp-json\/wp\/v2\/posts\/28807","targetHints":{"allow":["GET"]}}],"collection":[{"href":"https:\/\/www.cnelbalis.com\/ca\/wp-json\/wp\/v2\/posts"}],"about":[{"href":"https:\/\/www.cnelbalis.com\/ca\/wp-json\/wp\/v2\/types\/post"}],"author":[{"embeddable":true,"href":"https:\/\/www.cnelbalis.com\/ca\/wp-json\/wp\/v2\/users\/1"}],"replies":[{"embeddable":true,"href":"https:\/\/www.cnelbalis.com\/ca\/wp-json\/wp\/v2\/comments?post=28807"}],"version-history":[{"count":1,"href":"https:\/\/www.cnelbalis.com\/ca\/wp-json\/wp\/v2\/posts\/28807\/revisions"}],"predecessor-version":[{"id":30795,"href":"https:\/\/www.cnelbalis.com\/ca\/wp-json\/wp\/v2\/posts\/28807\/revisions\/30795"}],"wp:featuredmedia":[{"embeddable":true,"href":"https:\/\/www.cnelbalis.com\/ca\/wp-json\/wp\/v2\/media\/6885"}],"wp:attachment":[{"href":"https:\/\/www.cnelbalis.com\/ca\/wp-json\/wp\/v2\/media?parent=28807"}],"wp:term":[{"taxonomy":"category","embeddable":true,"href":"https:\/\/www.cnelbalis.com\/ca\/wp-json\/wp\/v2\/categories?post=28807"},{"taxonomy":"post_tag","embeddable":true,"href":"https:\/\/www.cnelbalis.com\/ca\/wp-json\/wp\/v2\/tags?post=28807"}],"curies":[{"name":"wp","href":"https:\/\/api.w.org\/{rel}","templated":true}]}}