{"id":28804,"date":"2012-06-04T12:36:25","date_gmt":"2012-06-04T10:36:25","guid":{"rendered":"https:\/\/club.cnelbalis.com\/copa-catalana-vela-escolar\/"},"modified":"2022-06-24T08:58:12","modified_gmt":"2022-06-24T06:58:12","slug":"copa-catalana-vela-escolar","status":"publish","type":"post","link":"https:\/\/www.cnelbalis.com\/ca\/copa-catalana-vela-escolar\/","title":{"rendered":"Copa Catalana Vela Escolar"},"content":{"rendered":"<p>Mireia Aroca, Marina Rodriguez, Alexandra Lochmann i Andrea Ibern, acompanyades pel t\u00e8cnic del club Miquel I\u00f1iesta han aconseguit la 2a posici\u00f3 a la Copa Catalana de Vela Escolar A4 que ha tingut lloc a les instal\u00b7lacions del Centre Municipal de Vela de Barcelona aquest passat dissabte 2 de juny.<\/p>\n<p>En Miquel ens ha explicat que les noies estan molt contentes d&#8217;haver representat a l&#8217;institut, el club i la vila i sens dubte ha estat una gran experi\u00e8ncia, gr\u00e0cies a la formaci\u00f3 pr\u00e8via rebuda en el cr\u00e8dit com\u00fa d&#8217;Educaci\u00f3 F\u00edsica que van fer amb l&#8217;IES.<\/p>\n<p>Font FCV: &#8220;Durant tot el dia un total de 36 nois i noies d&#8217;entre els 12 i els 16 anys que al llarg del curs han fet vela escolar a les diferents escoles de vela de Catalunya, van participar en diferents activitats n\u00e0utiques.<br \/>\nAl mat\u00ed 4 tripulacions sense t\u00e8cnic a bord van participar en una regata en Raquero, que despr\u00e9s de fer dues proves, la classificaci\u00f3 va quedar de la seg\u00fcent manera:<br \/>\n1r &#8211; CV Blanes amb l&#8217;Institut Serrallarga<br \/>\n2n &#8211; CN Sitges amb l&#8217;Institut Benapr\u00e8s<br \/>\n3r &#8211; CN Sitges amb l&#8217;Institut Can Puig \/ Institut Benapr\u00e8s<br \/>\n4rt &#8211; CN Arenys de mar amb l&#8217;Escola Joan Maragall<br \/>\nA la tarda es va fer una altra regata, en aquest cas amb t\u00e8cnic a bord, i despr\u00e9s de fer tamb\u00e9 dues proves, vam tenir 2 primers i 2 segons classificats, sent la classificaci\u00f3 la seg\u00fcent:<br \/>\n1r &#8211; CN el Masnou amb el Col\u2022legi Sagrada Fam\u00edlia<br \/>\n1r &#8211; CN Arenys amb l&#8217;Escola Joan Maragall<br \/>\n2n &#8211; CV Blanes amb l&#8217;Institut Serrallarga<br \/>\n2n &#8211; CN el Bal\u00eds amb l&#8217;Institut Llavaneres<br \/>\n3r &#8211; CN el Masnou amb el Col\u2022legi Sagrada Familia<br \/>\nTots els alumnes van participar tamb\u00e9 en relleus amb c\u00e0iacs i Paddles Surf, activitat nova per la gran majoria d&#8217;ells, i de la que van poder gaudir mentre no participaven a la regata.<br \/>\nLa jornada va finalitzar amb el lliurament de medalles i recordatoris a tots els participants.<br \/>\nDes de la Federaci\u00f3 Catalana de Vela felicitem a tots els nois i noies, i encoratgem els centres educatius a participar amb els seus alumnes en els diferents programes de vela escolar existents.&#8221;<\/p>\n<p><img loading=\"lazy\" decoding=\"async\" src=\"https:\/\/www.cnelbalis.com\/wp-content\/uploads\/vj-w\/-i\/83.jpg\" alt=\"83\" width=\"360\" height=\"480\" class=\"alignright size-full wp-image-7412\" \/><\/p>\n","protected":false},"excerpt":{"rendered":"<p>Mireia Aroca, Marina Rodriguez, Alexandra Lochmann i Andrea Ibern, acompanyades pel t\u00e8cnic del club Miquel I\u00f1iesta han aconseguit la 2a posici\u00f3 a la Copa Catalana de Vela Escolar A4 que ha tingut lloc a les instal\u00b7lacions del Centre Municipal de Vela de Barcelona aquest passat dissabte 2 de juny. En Miquel ens ha explicat que [&hellip;]<\/p>\n","protected":false},"author":1,"featured_media":6870,"comment_status":"open","ping_status":"open","sticky":false,"template":"","format":"standard","meta":{"footnotes":""},"categories":[783],"tags":[],"class_list":["post-28804","post","type-post","status-publish","format-standard","has-post-thumbnail","hentry","category-escola"],"acf":[],"_links":{"self":[{"href":"https:\/\/www.cnelbalis.com\/ca\/wp-json\/wp\/v2\/posts\/28804","targetHints":{"allow":["GET"]}}],"collection":[{"href":"https:\/\/www.cnelbalis.com\/ca\/wp-json\/wp\/v2\/posts"}],"about":[{"href":"https:\/\/www.cnelbalis.com\/ca\/wp-json\/wp\/v2\/types\/post"}],"author":[{"embeddable":true,"href":"https:\/\/www.cnelbalis.com\/ca\/wp-json\/wp\/v2\/users\/1"}],"replies":[{"embeddable":true,"href":"https:\/\/www.cnelbalis.com\/ca\/wp-json\/wp\/v2\/comments?post=28804"}],"version-history":[{"count":1,"href":"https:\/\/www.cnelbalis.com\/ca\/wp-json\/wp\/v2\/posts\/28804\/revisions"}],"predecessor-version":[{"id":30792,"href":"https:\/\/www.cnelbalis.com\/ca\/wp-json\/wp\/v2\/posts\/28804\/revisions\/30792"}],"wp:featuredmedia":[{"embeddable":true,"href":"https:\/\/www.cnelbalis.com\/ca\/wp-json\/wp\/v2\/media\/6870"}],"wp:attachment":[{"href":"https:\/\/www.cnelbalis.com\/ca\/wp-json\/wp\/v2\/media?parent=28804"}],"wp:term":[{"taxonomy":"category","embeddable":true,"href":"https:\/\/www.cnelbalis.com\/ca\/wp-json\/wp\/v2\/categories?post=28804"},{"taxonomy":"post_tag","embeddable":true,"href":"https:\/\/www.cnelbalis.com\/ca\/wp-json\/wp\/v2\/tags?post=28804"}],"curies":[{"name":"wp","href":"https:\/\/api.w.org\/{rel}","templated":true}]}}