{"id":28791,"date":"2012-09-25T12:56:19","date_gmt":"2012-09-25T10:56:19","guid":{"rendered":"https:\/\/club.cnelbalis.com\/jordi-capella-campio-de-catalunya-laser\/"},"modified":"2022-06-24T08:58:08","modified_gmt":"2022-06-24T06:58:08","slug":"jordi-capella-campio-de-catalunya-laser","status":"publish","type":"post","link":"https:\/\/www.cnelbalis.com\/ca\/jordi-capella-campio-de-catalunya-laser\/","title":{"rendered":"JORDI CAPELLA CAMPI\u00d3 DE CATALUNYA LASER"},"content":{"rendered":"<p>Jordi Capella del CN El Bal\u00eds ha revalidat el t\u00edtol de Campi\u00f3 de Catalunya de la Classe L\u00e0ser Standard. <\/p>\n<p>A finals de setembre e sva disputar a la badia de Roses les tres \u00faltimes proves del Campionat de Catalunya de L\u00e0ser Standard que, organitzat pel Grup d&#8217;Esports N\u00e0utics de Roses, va reunir a 23 esportistes. Amb aquest nou t\u00edtol, Capella formar\u00e0 part de l&#8217;equip catal\u00e0 que disputar\u00e0 el Campionat d&#8217;Espanya l&#8217;octubre vinent a la localitat gallega de Vilagarc\u00eda d&#8217;Arousa.<\/p>\n<p>Joaqu\u00edn Blanco i Jordi Capella van protagonitzar al llarg de les nou regates celebrades un estret duel que no es va resoldre fins la darrera jornada.<\/p>\n<p>Capella va finalitzar segon de la classificaci\u00f3 amb 12 punts, despr\u00e9s assolir dos primers llocs, sis segons i un cinqu\u00e8. El catal\u00e0 ha descartat un segon i el cinqu\u00e8. El resultat final li ha valgut al regatista del Bal\u00eds conquerir el sis\u00e8 t\u00edtol del Campionat de Catalunya de la L\u00e0ser Est\u00e0ndard. Per ambd\u00f3s esportistes la regata de Roses ha estat un &#8220;entrenament&#8221; d&#8217;alt nivell de cara al Campionat d&#8217;Espanya, competici\u00f3 en la qual seran dos dels principals candidats al t\u00edtol.<\/p>\n<p><img loading=\"lazy\" decoding=\"async\" src=\"https:\/\/www.cnelbalis.com\/wp-content\/uploads\/vj-w\/-i\/67.jpg\" alt=\"67\" width=\"640\" height=\"480\" class=\"alignright size-full wp-image-7350\" \/><\/p>\n","protected":false},"excerpt":{"rendered":"<p>Jordi Capella del CN El Bal\u00eds ha revalidat el t\u00edtol de Campi\u00f3 de Catalunya de la Classe L\u00e0ser Standard. A finals de setembre e sva disputar a la badia de Roses les tres \u00faltimes proves del Campionat de Catalunya de L\u00e0ser Standard que, organitzat pel Grup d&#8217;Esports N\u00e0utics de Roses, va reunir a 23 esportistes. [&hellip;]<\/p>\n","protected":false},"author":1,"featured_media":6772,"comment_status":"open","ping_status":"open","sticky":false,"template":"","format":"standard","meta":{"footnotes":""},"categories":[782],"tags":[],"class_list":["post-28791","post","type-post","status-publish","format-standard","has-post-thumbnail","hentry","category-esport"],"acf":[],"_links":{"self":[{"href":"https:\/\/www.cnelbalis.com\/ca\/wp-json\/wp\/v2\/posts\/28791","targetHints":{"allow":["GET"]}}],"collection":[{"href":"https:\/\/www.cnelbalis.com\/ca\/wp-json\/wp\/v2\/posts"}],"about":[{"href":"https:\/\/www.cnelbalis.com\/ca\/wp-json\/wp\/v2\/types\/post"}],"author":[{"embeddable":true,"href":"https:\/\/www.cnelbalis.com\/ca\/wp-json\/wp\/v2\/users\/1"}],"replies":[{"embeddable":true,"href":"https:\/\/www.cnelbalis.com\/ca\/wp-json\/wp\/v2\/comments?post=28791"}],"version-history":[{"count":1,"href":"https:\/\/www.cnelbalis.com\/ca\/wp-json\/wp\/v2\/posts\/28791\/revisions"}],"predecessor-version":[{"id":30779,"href":"https:\/\/www.cnelbalis.com\/ca\/wp-json\/wp\/v2\/posts\/28791\/revisions\/30779"}],"wp:featuredmedia":[{"embeddable":true,"href":"https:\/\/www.cnelbalis.com\/ca\/wp-json\/wp\/v2\/media\/6772"}],"wp:attachment":[{"href":"https:\/\/www.cnelbalis.com\/ca\/wp-json\/wp\/v2\/media?parent=28791"}],"wp:term":[{"taxonomy":"category","embeddable":true,"href":"https:\/\/www.cnelbalis.com\/ca\/wp-json\/wp\/v2\/categories?post=28791"},{"taxonomy":"post_tag","embeddable":true,"href":"https:\/\/www.cnelbalis.com\/ca\/wp-json\/wp\/v2\/tags?post=28791"}],"curies":[{"name":"wp","href":"https:\/\/api.w.org\/{rel}","templated":true}]}}