{"id":28787,"date":"2012-11-21T12:04:04","date_gmt":"2012-11-21T11:04:04","guid":{"rendered":"https:\/\/club.cnelbalis.com\/campionat-catalunya-laser-radial\/"},"modified":"2022-06-24T08:58:08","modified_gmt":"2022-06-24T06:58:08","slug":"campionat-catalunya-laser-radial","status":"publish","type":"post","link":"https:\/\/www.cnelbalis.com\/ca\/campionat-catalunya-laser-radial\/","title":{"rendered":"Campionat Catalunya Laser Radial"},"content":{"rendered":"<p>Andreu L\u00f3pez (46\u00e8) i Aitor Barrenechea (26\u00e8) han estat els representants de El Bal\u00eds. Informa Jordi Capella:<\/p>\n<p>\u201cHola Laseristes!<br \/>\nAquest cap de setmana ha estat l\u2019\u00faltim del Campionat de Catalunya de Laser Radial a Hospitalet-vendell\u00f3s i l\u2019\u00faltima regata de l\u2019any (si no \u00e9s que us animeu a participar a la Christmas Race de Palam\u00f3s els dies 18-21 de desembre).<\/p>\n<p>Hem estat amb l\u2019Andreu L\u00f3pez i l\u2019Aitor Barrenechea lluitant i gaudint d\u2019una regata amb m\u00e9s de 40 Lasers Radials. Genial!! Ens ho hem passat molt b\u00e9 i hem vistHysek Replica Watches Rolex Explorer II Replica Breitling Navitimer Replica Rotonde de Cartier Replica Watches Linde Werdelin Replica una millora espectacular que ja venia de la temporada passada, per\u00f2 que amb una posta a punt com cal del Laser s\u2019ha acabat de notar :_)<\/p>\n<p>A m\u00e9s, el club ens ha deixat la furgoneta i el remolc gran per a fer els transports i tota la log\u00edstica. Molt contents per les facilitats.<\/p>\n<p>En l\u2019\u00faltima regata l\u2019Aitor ha patit anant tercer i l\u2019Andreu entre el 5\u00e8 i el 10\u00e8. Despr\u00e9s ha calmat tot, i tot all\u00f2 que pot passar en una regata per a que vagin enrere, per\u00f2 biennnnnnnn!!!! All\u00e0 hem estat per fi!!! Ara ja s\u2019ho creuen!\u201d<\/p>\n<p>La propera cita L\u00e0ser del club ens porta  a la regata Open del 15 de desembre. Porta el teu gorro nadalenc!<\/p>\n<p><img loading=\"lazy\" decoding=\"async\" src=\"https:\/\/www.cnelbalis.com\/wp-content\/uploads\/vj-w\/-i\/59.jpg\" alt=\"59\" width=\"640\" height=\"479\" class=\"alignright size-full wp-image-7313\" \/><\/p>\n","protected":false},"excerpt":{"rendered":"<p>Andreu L\u00f3pez (46\u00e8) i Aitor Barrenechea (26\u00e8) han estat els representants de El Bal\u00eds. Informa Jordi Capella: \u201cHola Laseristes! Aquest cap de setmana ha estat l\u2019\u00faltim del Campionat de Catalunya de Laser Radial a Hospitalet-vendell\u00f3s i l\u2019\u00faltima regata de l\u2019any (si no \u00e9s que us animeu a participar a la Christmas Race de Palam\u00f3s els [&hellip;]<\/p>\n","protected":false},"author":1,"featured_media":6039,"comment_status":"open","ping_status":"open","sticky":false,"template":"","format":"standard","meta":{"footnotes":""},"categories":[782],"tags":[],"class_list":["post-28787","post","type-post","status-publish","format-standard","has-post-thumbnail","hentry","category-esport"],"acf":[],"_links":{"self":[{"href":"https:\/\/www.cnelbalis.com\/ca\/wp-json\/wp\/v2\/posts\/28787","targetHints":{"allow":["GET"]}}],"collection":[{"href":"https:\/\/www.cnelbalis.com\/ca\/wp-json\/wp\/v2\/posts"}],"about":[{"href":"https:\/\/www.cnelbalis.com\/ca\/wp-json\/wp\/v2\/types\/post"}],"author":[{"embeddable":true,"href":"https:\/\/www.cnelbalis.com\/ca\/wp-json\/wp\/v2\/users\/1"}],"replies":[{"embeddable":true,"href":"https:\/\/www.cnelbalis.com\/ca\/wp-json\/wp\/v2\/comments?post=28787"}],"version-history":[{"count":1,"href":"https:\/\/www.cnelbalis.com\/ca\/wp-json\/wp\/v2\/posts\/28787\/revisions"}],"predecessor-version":[{"id":30775,"href":"https:\/\/www.cnelbalis.com\/ca\/wp-json\/wp\/v2\/posts\/28787\/revisions\/30775"}],"wp:featuredmedia":[{"embeddable":true,"href":"https:\/\/www.cnelbalis.com\/ca\/wp-json\/wp\/v2\/media\/6039"}],"wp:attachment":[{"href":"https:\/\/www.cnelbalis.com\/ca\/wp-json\/wp\/v2\/media?parent=28787"}],"wp:term":[{"taxonomy":"category","embeddable":true,"href":"https:\/\/www.cnelbalis.com\/ca\/wp-json\/wp\/v2\/categories?post=28787"},{"taxonomy":"post_tag","embeddable":true,"href":"https:\/\/www.cnelbalis.com\/ca\/wp-json\/wp\/v2\/tags?post=28787"}],"curies":[{"name":"wp","href":"https:\/\/api.w.org\/{rel}","templated":true}]}}