{"id":28785,"date":"2012-11-25T11:57:20","date_gmt":"2012-11-25T10:57:20","guid":{"rendered":"https:\/\/club.cnelbalis.com\/trofeu-vents-del-sud\/"},"modified":"2022-06-24T08:58:08","modified_gmt":"2022-06-24T06:58:08","slug":"trofeu-vents-del-sud","status":"publish","type":"post","link":"https:\/\/www.cnelbalis.com\/ca\/trofeu-vents-del-sud\/","title":{"rendered":"Trofeu Vents del Sud"},"content":{"rendered":"<p>Els Windsurf han tingut bons resultats a l\u2019Hospitalet-Vandell\u00f3s, en l\u2019\u00faltima regata classificat\u00f2ria del 2012, ha estat un bon campionat per tothom en general.<\/p>\n<p>En la categoria sub-15 el Ferran Cornudella va aconseguir la primera posici\u00f3 seguit pel Daniel Cort\u00e9s.<\/p>\n<p>L&#8217;Oscar Garcia es va quedar a nom\u00e9s 3 punts del podi, seguit de la Itziar Bueno (2a posici\u00f3 en f\u00e8mines). Per acabar tenim a la Patty Ferrer-Dalmau en 1a posici\u00f3 de la categoria iniciaci\u00f3.<\/p>\n<p>L\u2019\u00c0lex de Cortada, el seu entrenador, ha decalrat que est\u00e0 \u201ccontent sobretot per la gent que l&#8217;any passat estava bastant fluixa (Itziar i Dani sobretot) a les regates i que poc a poc es va notant la millora. Tamb\u00e9 va ajudar que fes poc vent, com al Bal\u00eds&#8230;\u201d<br \/>\nTrofeu Vents del Sud Els Windsurf han tingut bons resultats a l\u2019Hospitalet-Vandell\u00f3s, en l\u2019\u00faltima regata classificat\u00f2ria del 2012, ha estat un bon campionat per tothom en general. En la categoria sub-15 el Ferran Cornudella va aconseguir la primera posici\u00f3 seguit pel Daniel Cort\u00e9s. L&#8217;Oscar Garcia es va quedar a nom\u00e9s 3 punts del podi, seguit de la Itziar Bueno (2a posici\u00f3 en f\u00e8mines). Per acabar tenim a la Patty Ferrer-dalmau en 1a posici\u00f3 de la categoria iniciaci\u00f3. L\u2019\u00c0lex de Cortada, el seu entrenador, ha decalrat que est\u00e0 \u201ccontent sobretot per la gent que l&#8217;any passat estava bastant fluixa (Itziar i Dani sobretot) a les regates i que poc a poc es va notant la millora. Tamb\u00e9 va ajudar que fes poc vent, com al Bal\u00eds&#8230;\u201d<br \/>\n REGATAS CN El Bal\u00c3\u00ads<\/p>\n<p><img loading=\"lazy\" decoding=\"async\" src=\"https:\/\/www.cnelbalis.com\/wp-content\/uploads\/vj-w\/-i\/57.jpg\" alt=\"57\" width=\"640\" height=\"478\" class=\"alignright size-full wp-image-7302\" \/><\/p>\n","protected":false},"excerpt":{"rendered":"<p>Els Windsurf han tingut bons resultats a l\u2019Hospitalet-Vandell\u00f3s, en l\u2019\u00faltima regata classificat\u00f2ria del 2012, ha estat un bon campionat per tothom en general. En la categoria sub-15 el Ferran Cornudella va aconseguir la primera posici\u00f3 seguit pel Daniel Cort\u00e9s. L&#8217;Oscar Garcia es va quedar a nom\u00e9s 3 punts del podi, seguit de la Itziar Bueno [&hellip;]<\/p>\n","protected":false},"author":1,"featured_media":6026,"comment_status":"open","ping_status":"open","sticky":false,"template":"","format":"standard","meta":{"footnotes":""},"categories":[782],"tags":[],"class_list":["post-28785","post","type-post","status-publish","format-standard","has-post-thumbnail","hentry","category-esport"],"acf":[],"_links":{"self":[{"href":"https:\/\/www.cnelbalis.com\/ca\/wp-json\/wp\/v2\/posts\/28785","targetHints":{"allow":["GET"]}}],"collection":[{"href":"https:\/\/www.cnelbalis.com\/ca\/wp-json\/wp\/v2\/posts"}],"about":[{"href":"https:\/\/www.cnelbalis.com\/ca\/wp-json\/wp\/v2\/types\/post"}],"author":[{"embeddable":true,"href":"https:\/\/www.cnelbalis.com\/ca\/wp-json\/wp\/v2\/users\/1"}],"replies":[{"embeddable":true,"href":"https:\/\/www.cnelbalis.com\/ca\/wp-json\/wp\/v2\/comments?post=28785"}],"version-history":[{"count":1,"href":"https:\/\/www.cnelbalis.com\/ca\/wp-json\/wp\/v2\/posts\/28785\/revisions"}],"predecessor-version":[{"id":30773,"href":"https:\/\/www.cnelbalis.com\/ca\/wp-json\/wp\/v2\/posts\/28785\/revisions\/30773"}],"wp:featuredmedia":[{"embeddable":true,"href":"https:\/\/www.cnelbalis.com\/ca\/wp-json\/wp\/v2\/media\/6026"}],"wp:attachment":[{"href":"https:\/\/www.cnelbalis.com\/ca\/wp-json\/wp\/v2\/media?parent=28785"}],"wp:term":[{"taxonomy":"category","embeddable":true,"href":"https:\/\/www.cnelbalis.com\/ca\/wp-json\/wp\/v2\/categories?post=28785"},{"taxonomy":"post_tag","embeddable":true,"href":"https:\/\/www.cnelbalis.com\/ca\/wp-json\/wp\/v2\/tags?post=28785"}],"curies":[{"name":"wp","href":"https:\/\/api.w.org\/{rel}","templated":true}]}}