{"id":28779,"date":"2013-02-17T14:29:42","date_gmt":"2013-02-17T13:29:42","guid":{"rendered":"https:\/\/club.cnelbalis.com\/rual-amoros-y-munte-munte-campeones-de-la-eurocup\/"},"modified":"2022-06-24T08:58:04","modified_gmt":"2022-06-24T06:58:04","slug":"rual-amoros-y-munte-munte-campeones-de-la-eurocup","status":"publish","type":"post","link":"https:\/\/www.cnelbalis.com\/ca\/rual-amoros-y-munte-munte-campeones-de-la-eurocup\/","title":{"rendered":"Rual &#8211; Amoros y Munt\u00e9 &#8211; Munt\u00e9 campeones de la EuroCup"},"content":{"rendered":"<p>Los29ers participantes en este primer encuentro de la EuroCup han celebrado hoy las 3 pruebas finales del campeonato. Con vientos de componente este y una intensidad de\u00a0 5-7 nudos de viento, los franceses Lucas Rual y Emile Amoros han consolidado su victoria en el Velanium Trophy de 29er, EuroCup #1 celebrada en el Club N\u00e1utico El Bal\u00eds desde el viernes 15 de febrero. En la clasificaci\u00f3n femenina, la victoria ha sido para las jovenc\u00edsimas Carla Munt\u00e9 y Marta Munt\u00e9, regatistas del club anfitri\u00f3n (esta ha sido su primera regata internacional de la clase).<\/p>\n<p>Rual \u2013 Amoros se han impuesto en las dos primeras pruebas del d\u00eda y la tercera ha sido para Jasper Steffens \u2013 Tom Brauckmann del Kieler Yacht Club, consiguiendo la plata de la primera EuroCup del 2013.<\/p>\n<p>El podio absoluto de la regata:<br \/>\nFRA 2 &#8211;\u00a0<strong>LUCAS RUAL\/EMILE AMOROS<\/strong>\u00a0SN SABLAIS \/ CN PORNIC<br \/>\nGER 2171 &#8211;\u00a0<strong>JASPER STEFFENS\/TOM LENNART BRAUCKMANN<\/strong>\u00a0KIELER YACHT CLUB<br \/>\nFRA 1506 &#8211;\u00a0<strong>TOM CARISSAN\/LO\u00cfC FISCHER-GUIL<\/strong>\u00a0CNBPP<\/p>\n<p>En la categor\u00eda femenina:<br \/>\nESP 1787 &#8211;\u00a0<strong>CARLA MUNT\u00c9\/MARTA MUNT\u00c9<\/strong>\u00a0CN EL BAL\u00cdS<br \/>\nFRA 1478 &#8211;\u00a0<strong>CLEMENTINE MINDREN\/ELIETTE FERRONIERE<\/strong>\u00a0SN SABLAIS<br \/>\nNOR 2044 &#8211;\u00a0<strong>RAGNA AGERUP\/MAIA AGERUP<\/strong>\u00a0KONGELIG NOROK SEILFORENING<\/p>\n<p>Durante la entrega de trofeos, Eduard Rod\u00e9s, director de Velanium y coorganizador de la regata se ha mostrado muy contento por la participaci\u00f3n de este a\u00f1o, con un total de 43 inscritos de Francia, Alemania, Finlandia, Suecia, Eslovenia, Noruega, Espa\u00f1a, India, B\u00e9lgica y Holanda. Por su parte, Ramon Capdevila, vicepresidente del Club N\u00e1utico El Bal\u00eds ha felicitado a los participantes y ha declarado gran satisfacci\u00f3n por poder acoger una regata del circuito internacional de la clase. Los ganadores han dedicado unas palabras al comit\u00e9 de regatas, mostr\u00e1ndose muy satisfechos por la organizaci\u00f3n aunque Amoros ha declarado que \u201cha faltado una punta de viento pero hemos hecho grandes regatas y hemos disfrutado navegando en El Bal\u00eds\u201d.<\/p>\n<p>&#8212;&#8212;&#8212;&#8212;&#8212;&#8212;&#8212;&#8212;&#8212;&#8212;&#8212;&#8212;&#8212;&#8212;&#8211;<br \/>\n<em>16-02-2013<\/em><br \/>\n<em>2\u00aa jornada en el Velanium Trophy<\/em><\/p>\n<p>El d\u00eda ha amanecido nublado y las expectativas de viento eran flojas, pero a las 11:30 un SE establecido de 8 nudos ha permitido al comit\u00e9 mandar a la flota al campo de regatas para empezar a celebrar las pruebas.<\/p>\n<p>La primera del d\u00eda ha estado liderada por los franceses Carissan\/Guillou, seguidos por sus compatriotas Rual\/Amoros; las clasificaciones hasta el top 5 de esta sexta prueba del campeonato las completan las tripulaciones espa\u00f1olas Llena\/Sanchez, Mas\/Llena y las hermanas Munt\u00e9\/Munt\u00e9. La clasificaci\u00f3n general sigue como ayer:<\/p>\n<p>1.\u00a0\u00a0 \u00a0FRA 2 <strong>LUCAS RUAL\/EMILE AMOROS<\/strong> SN SABLAIS \/ CN PORNIC<br \/>\n2.\u00a0\u00a0 \u00a0GER 2171 <strong>JASPER STEFFENS\/TOM LENNART<\/strong> KIELER YACHT CLUB<br \/>\n3.\u00a0\u00a0 \u00a0FRA 1506 <strong>TOM CARISSAN\/LO\u00cfC FISCHER-GUIL<\/strong> CNBPP<br \/>\n4.\u00a0\u00a0 \u00a0ESP 1741 <strong>NIL MAS\/TOTI LLENA<\/strong> CN GARRAF<br \/>\n5.\u00a0\u00a0 \u00a0ESP 1793 <strong>MART\u00cd LLENA\/JORDI SANCHEZ<\/strong> CN GARRAF<br \/>\n6.\u00a0\u00a0 \u00a0ESP 1787 <strong>CARLA MUNT\u00c9\/MARTA MUNT\u00c9<\/strong> CN EL BAL\u00cdS<br \/>\n7.\u00a0\u00a0 \u00a0NOR 2044 <strong>RAGNA AGERUP\/MAIA AGERUP<\/strong> KONGELIG NOROK SEILFORENING<br \/>\n8.\u00a0\u00a0 \u00a0IND 1 <strong>K.C GANAPATHY\/VARUN THAKKAR<\/strong> TAMIL NADUR SAILING ASSOCIATION<br \/>\n9.\u00a0\u00a0 \u00a0FRA 1478 <strong>CLEMENTINE MINDREN\/ELIETTE FE<\/strong> SN SABLAIS<br \/>\n10.\u00a0\u00a0 \u00a0SWE 2137 <strong>JAMES OLSSON\/GUSTAV K\u00d6LBY<\/strong> KKKK<\/p>\n<p>Despu\u00e9s de un comp\u00e1s de espera en el agua, el comit\u00e9 ha decidido que los equipos aguardasen en tierra la entrada de unas condiciones m\u00e1s estables que no han llegado y a las 16h se han aplazado las pruebas para el d\u00eda de ma\u00f1ana, jornada final del Velanium Trophy.<\/p>\n<p><strong>A las 17h el comit\u00e9 de regatas ha publicado un aviso en el Tabl\u00f3n Oficial de Anuncios por el que se modifica el programa por el que la se\u00f1al de atenci\u00f3n de la primera prueba del d\u00eda ser\u00e1 a las 9:30<\/strong><\/p>\n<p>&#8212;&#8212;&#8212;&#8212;&#8212;&#8212;&#8212;&#8212;&#8212;&#8212;&#8212;&#8212;-<br \/>\n<em>15-02-2012<\/em><br \/>\n<em>Los franceses Rual y Amoros l\u00edderes de la primera jornada<\/em><\/p>\n<p>Con un viento de 8 nudos de media, el Velanium Trophy, EuroCup #1 de la clase 29er ha empezado hoy con 5 pruebas disputadas en el Club N\u00e1utico El Bal\u00eds &#8211; el m\u00e1ximo de pruebas programadas en una jornada.<\/p>\n<p>Despu\u00e9s de una primera salida al agua, a las 13 horas se ha dado la primera salida del Velanium Trophy, prueba que han ganado los alemanes Jasper Steffens\/Tom Lennart, del Kieler Yacht Club. A las 5 de la tarde los 43 regatistas participantes ya hab\u00edan disputado 4 pruebas y despu\u00e9s de un peque\u00f1o reposicionamiento del campo de regatas se ha dado la quinta salida del d\u00eda.<\/p>\n<p>La clasificaci\u00f3n est\u00e1 liderada en estos momentos por los franceses Lucas Rual\/Emile Amoros (CN Sablais\/CN Pornic), seguidos por los alemanes Jasper Steffens\/Tom Lennart (Kieler Yacht Club) a dos puntos. El podio lo cierran los tambi\u00e9n franceses Tom Carissan\/Lo\u00efc Fischer-Guil (CNBPP) con 13 puntos en la clasificaci\u00f3n. Los primeros espa\u00f1oles, Nil Mas\/Toti Llena (CN Garraf) son 4os de la general y la primera tripulaci\u00f3n femenina es la joven pareja Carla Munt\u00e9\/Marta Munt\u00e9 (CN El Bal\u00eds); las noruegas Ragna Agerup\/Maia Agerup (KONGELIG NOROK SEILFORENING) las siguen en la clasificaci\u00f3n empatadas a puntos.<\/p>\n<p>Ma\u00f1ana s\u00e1bado se esperan vientos t\u00e9rmicos del SO con el que poder seguir disfrutando del bonito paisaje que dibujan estos veloces y coloridos skiffs venidos de toda Europa.<\/p>\n<p>&#8212;&#8212;&#8212;&#8212;&#8212;&#8212;&#8212;&#8212;&#8212;&#8212;&#8212;&#8212;&#8212;&#8212;&#8212;&#8212;&#8212;&#8211;<br \/>\n<em>14\/02\/2013 &#8211; VELANIUM TROPHY<\/em><br \/>\nVelanium Trophy EuroCup#1 de 29er<\/p>\n<p>Finalmente 45 equipos internacionales competir\u00e1n en el primer compromiso internacional del 2013 en aguas del CN El Bal\u00eds.<br \/>\nEsta tarde los m\u00e1s de 40 equipos participantes han registrado sus inscripciones en la oficina de regatas. Entre los pa\u00edses participantes est\u00e1n Alemania, Eslovenia, Espa\u00f1a, Finlandia, Francia, Holanda, India, Noruega y Suecia.<br \/>\nEl Velanium Trophy, regata del circuito Eurocup de la clase 29er, empieza ma\u00f1ana con las primeras pruebas de las 12 programadas para todo el campeonato. Entre los inscritos, grandes nombres como el franc\u00e9s Lucas Rual, subcampe\u00f3n del mundo absoluto y en el ISAF Juvenil el a\u00f1o 2012 o Nil Mas y Toti Llena, subcampeones de la pasada Copa de Espa\u00f1a de 29er. Adem\u00e1s de grandes especialistas en la clase Optimist: eslovenos, holandeses y espa\u00f1oles que hicieron grandes resultados en europeos y mundiales que han hecho el paso al 29er.<br \/>\nEn cuanto a actos sociales, el club tiene previsto organizar una \u201cbotifarrada\u201d a la vuelta del campo de regatas y una fideu\u00e1 previa a la entrega de trofeos.<br \/>\nDurante esta semana, los equipos del norte de Europa se encuentran en las instalaciones del Club N\u00e1utico El Bal\u00eds para realizar entrenos en el campo de regatas. Las condiciones de viento estos d\u00edas est\u00e1n siendo excelentes y los regatistas han declarado estar encantados con las instalaciones. La flota est\u00e1 ubicada en un espacio habilitado expresamente para la celebraci\u00f3n del evento con 3 grupos de rampas para agilizar las salidas al agua y garantizar una entrada segura con todos los rangos de viento.<\/p>\n<p>&#8212;&#8212;&#8212;&#8212;&#8212;&#8212;&#8212;&#8212;&#8212;&#8212;&#8212;&#8212;&#8211;<br \/>\nEl Club N\u00e1utico El Bal\u00eds tiene el placer de acoger en sus instalaciones, la EuroCup#1 para la clase 29er, la Velanium Trophy, que se celebrar\u00e1 los d\u00edas 15-16-17 de febrero y para la que se espera la participaci\u00f3n de 50 embarcaciones de toda Europa.<br \/>\nEl Bal\u00eds prev\u00e9 la llegada de gran parte de los equipos durante los d\u00edas previos al trofeo para realizar entrenos en el campo de regatas. Se habilitar\u00e1n espacios singulares en el puerto para acoger a los mejores especialistas de la clase 29er en Europa; el muelle de la gasolinera estar\u00e1 cerrado al tr\u00e1fico de veh\u00edculos y contar\u00e1 con la instalaci\u00f3n de tres rampas dobles para garantizar una \u00e1gil salida al agua y un retorno seguro con todas las condiciones de viento.<br \/>\nEntre los regatistas inscritos encontramos grandes nombres de la clase 29er como el franc\u00e9s <strong>Lucas Rual<\/strong>, subcampe\u00f3n del mundo absoluto y en el ISAF Juvenil el a\u00f1o 2012 o <strong>Nil Mas<\/strong> y <strong>Toti Llena<\/strong>, subcampeones de la pasada Copa de Espa\u00f1a de 29er. Adem\u00e1s de grandes especialistas en la clase Optimist, participantes en europeos y mundiales que han hecho el paso al 29er.<br \/>\nToda la informaci\u00f3n del trofeo en la web de Velanium.<\/p>\n<p>&nbsp;<\/p>\n<p><img loading=\"lazy\" decoding=\"async\" class=\"size-full wp-image-7242 aligncenter\" src=\"https:\/\/www.cnelbalis.com\/wp-content\/uploads\/vj-w\/-i\/45.jpg\" alt=\"45\" width=\"640\" height=\"425\" \/><\/p>\n","protected":false},"excerpt":{"rendered":"<p>Los29ers participantes en este primer encuentro de la EuroCup han celebrado hoy las 3 pruebas finales del campeonato. Con vientos de componente este y una intensidad de\u00a0 5-7 nudos de viento, los franceses Lucas Rual y Emile Amoros han consolidado su victoria en el Velanium Trophy de 29er, EuroCup #1 celebrada en el Club N\u00e1utico [&hellip;]<\/p>\n","protected":false},"author":1,"featured_media":5998,"comment_status":"open","ping_status":"open","sticky":false,"template":"","format":"standard","meta":{"footnotes":""},"categories":[782],"tags":[],"class_list":["post-28779","post","type-post","status-publish","format-standard","has-post-thumbnail","hentry","category-esport"],"acf":[],"_links":{"self":[{"href":"https:\/\/www.cnelbalis.com\/ca\/wp-json\/wp\/v2\/posts\/28779","targetHints":{"allow":["GET"]}}],"collection":[{"href":"https:\/\/www.cnelbalis.com\/ca\/wp-json\/wp\/v2\/posts"}],"about":[{"href":"https:\/\/www.cnelbalis.com\/ca\/wp-json\/wp\/v2\/types\/post"}],"author":[{"embeddable":true,"href":"https:\/\/www.cnelbalis.com\/ca\/wp-json\/wp\/v2\/users\/1"}],"replies":[{"embeddable":true,"href":"https:\/\/www.cnelbalis.com\/ca\/wp-json\/wp\/v2\/comments?post=28779"}],"version-history":[{"count":1,"href":"https:\/\/www.cnelbalis.com\/ca\/wp-json\/wp\/v2\/posts\/28779\/revisions"}],"predecessor-version":[{"id":30767,"href":"https:\/\/www.cnelbalis.com\/ca\/wp-json\/wp\/v2\/posts\/28779\/revisions\/30767"}],"wp:featuredmedia":[{"embeddable":true,"href":"https:\/\/www.cnelbalis.com\/ca\/wp-json\/wp\/v2\/media\/5998"}],"wp:attachment":[{"href":"https:\/\/www.cnelbalis.com\/ca\/wp-json\/wp\/v2\/media?parent=28779"}],"wp:term":[{"taxonomy":"category","embeddable":true,"href":"https:\/\/www.cnelbalis.com\/ca\/wp-json\/wp\/v2\/categories?post=28779"},{"taxonomy":"post_tag","embeddable":true,"href":"https:\/\/www.cnelbalis.com\/ca\/wp-json\/wp\/v2\/tags?post=28779"}],"curies":[{"name":"wp","href":"https:\/\/api.w.org\/{rel}","templated":true}]}}