{"id":28777,"date":"2013-02-19T13:00:43","date_gmt":"2013-02-19T12:00:43","guid":{"rendered":"https:\/\/club.cnelbalis.com\/dimna-i-blue-marlin-tercero-podi-de-la-interclubs\/"},"modified":"2022-06-24T08:58:04","modified_gmt":"2022-06-24T06:58:04","slug":"dimna-i-blue-marlin-tercero-podi-de-la-interclubs","status":"publish","type":"post","link":"https:\/\/www.cnelbalis.com\/ca\/dimna-i-blue-marlin-tercero-podi-de-la-interclubs\/","title":{"rendered":"Dimna i Blue Marlin Tercero, podi de la Interclubs."},"content":{"rendered":"<p>S\u2019han classificat 3r del G2 i 2n del G3 respectivament despr\u00e9s d\u2019un brillant final de campionat. El Bal\u00eds aconsegueix la 2a posici\u00f3 en la classificaci\u00f3 per clubs.<\/p>\n<p>Dissabte els nostres regatistes no van poder celebrar cap prova degut a la falta de vent. Diumenge es van celebrar dues proves per a cada grup de competici\u00f3. En el grup 2 Dimna va fer grans resultats, amb un 2n i un 1r; Hydra i Cometa A Dos van tenir resultats en la part mitja de la classificaci\u00f3 am 6-5 i 5-6 respectivament. Caiman va finalitzar 9\u00e8 en les dues proves.<\/p>\n<p>En el grup 3, Blue Marlin Tercero va ser molt regular encap\u00e7alant les proves del dia, amb dos 2ns classificats. Nairam II, per la seva banda, va tenir m\u00e9s fortuna en la primera prova, amb un 4t, que en la segona, que va finalitzar 6\u00e8.<\/p>\n<p>Enguany, el RC N\u00e0utic de Barcelona ha estat el guanyador per clubs, guardonat amb el\u00a0 Trofeu Jordi Vives, en mem\u00f2ria del creador de la regata. Durant l\u2019acte de repartiment de premis Cometa A Dos va rebre el seu trofeu per la primera posici\u00f3 aconseguida en la travessa Barcelona \u2013 Bal\u00eds.<\/p>\n<p>Felicitats als 6 creuers participants pel treball d\u2019equip i pels resultats obtinguts!!!<\/p>\n<p>&#8212;&#8212;&#8212;&#8212;&#8212;&#8212;&#8212;&#8212;&#8212;&#8212;&#8212;&#8212;&#8212;&#8212;&#8212;&#8212;&#8212;&#8212;&#8212;&#8212;&#8212;&#8212;&#8212;-<br \/>\n<em>El Bal\u00eds 2n a la Interclubs<\/em><br \/>\n<em>11-02-2013<\/em><br \/>\nDespr\u00e9s de la 3a i la 4a prova, <strong>Hydra<\/strong> i <strong>Blue Marlin Tercero<\/strong> es situen en el segon lloc de la classificaci\u00f3 general del seu grup, i El Bal\u00eds \u00e9s ara 2n a la classificaci\u00f3 per clubs amb 16 punts.<\/p>\n<p>Els creuers de El Bal\u00eds han fet una gran actuaci\u00f3 aquest cap de setmana en les proves celebrades de la XXXVIII Edici\u00f3 del Campionat Interclubs. Dissabte, <strong>Dimna<\/strong> (<strong>Guillermo D\u00edaz<\/strong>) i <strong>Blue Marlin Tercero<\/strong> (<strong>Diego Cascales<\/strong>) van finalitzar primer del Grup 2 i del Grup 3 respectivament a la prova realitzada en aig\u00fces de Barcelona. <strong>Hydra<\/strong> (<strong>Oscar Chaves<\/strong>) va fer un gran paper finalitzant 3r del Grup 2.<\/p>\n<p>Diumenge la regata consistia en una travessa entre Barcelona i el Maresme, amb final davant del Club N\u00e0utic El Bal\u00eds, on les embarcacions participants passaran la setmana amarrats. <strong>Cometa A Dos<\/strong> (<strong>Xavier Rocas<\/strong>) va ser el 1r classificat del Grup 2 tan en temps compensat com en temps real, completant el recorregut amb 3h i 1 minut. <strong>Blue Marlin Tercero<\/strong> va fer entrada tres segons despr\u00e9s del <strong>Cometa A Dos<\/strong>, la qual cosa l\u2019hi va valer la 2a posici\u00f3 del Grup 3.<\/p>\n<p>Dissabte que ve la Interclubs fa parada a El Bal\u00eds, on dissabte es celebraran les proves previstes. La jornada comen\u00e7ar\u00e0 amb un esmorzar de regatistes a la 2a planta de l\u2019edifici social, a partir de les 9:30. Diumenge les proves es celebraran al CN Arenys de Mar, on finalitzar\u00e0 el campionat amb el lliurament de trofeus despr\u00e9s de les proves del dia.<\/p>\n<p><em>XXXVIII Campionat Interclubs\u00e7<\/em><br \/>\n<em>04\/02\/2012<\/em><\/p>\n<p>Els de El Bal\u00eds comencen el campionat amb posicions regulars en aig\u00fces de Barcelona. <strong>Nairam II<\/strong> \u00e9s el millor classificat, 2n de la General del grup RI3.<\/p>\n<p>Diumenge 3 de Febrer es van disputar les dues primeres proves del XXXVIII Campionat Interclubs Zona Centre, organitzat pels Clubs N\u00e0utics d\u2019Arenys de Mar, El Bal\u00eds, RCN i RCM de Barcelona. La regata compta amb la participaci\u00f3 de 32 embarcacions inscrites, entre les que n\u2019hi ha 6 representant El Bal\u00eds, 4 al Grup2: <strong>Caiman<\/strong>, <strong>Cometa A Dos<\/strong>, <strong>Dimna<\/strong> i <strong>Hydra<\/strong>; i 2 al Grup 3: <strong>Blue Marlin Tercero<\/strong> i <strong>Nairam II<\/strong>.<\/p>\n<p>Despr\u00e9s de la primera jornada de proves, <strong>Nairam II<\/strong> \u2013<strong>V\u00edctor de Soler<\/strong>&#8211; \u00e9s el millor classificat del seu grup, 2n despr\u00e9s de fer un 3r i un 2n en les proves d\u2019ahir. <strong>Blue Marlin Tercero<\/strong> &#8211;<strong>Diego Cascales<\/strong>&#8211; \u00e9s 6\u00e8 amb un DNC i un 6\u00e8 lloc.<\/p>\n<p>En el Grup 2, els de El Bal\u00eds ocupen de la 4a a la 7a posici\u00f3, encap\u00e7alant el r\u00e0nquing l\u2019embarcaci\u00f3 <strong>Hydra<\/strong> &#8211;<strong>Oscar Chaves<\/strong>&#8211; amb dos tercers classificats, seguit per <strong>Caiman<\/strong> &#8211;<strong>Francisco L\u00f3pez<\/strong>-, <strong>Dimna<\/strong> \u2013<strong>Guillermo D\u00edaz<\/strong>&#8211; i <strong>Cometa A Dos<\/strong> \u2013<strong>Xavier Rocas<\/strong>-.<\/p>\n<p>Dissabte que ve la flota far\u00e0 les proves programades al RC Mar\u00edtim de Barcelona i diumenge 10 la competici\u00f3 consistir\u00e0 en la travessia Barcelona\u2013El Bal\u00eds. Molta sort a tots els participants!<\/p>\n<p><img loading=\"lazy\" decoding=\"async\" class=\"size-full wp-image-7240 aligncenter\" src=\"https:\/\/www.cnelbalis.com\/wp-content\/uploads\/vj-w\/-i\/44.jpg\" alt=\"44\" width=\"640\" height=\"427\" \/><\/p>\n","protected":false},"excerpt":{"rendered":"<p>S\u2019han classificat 3r del G2 i 2n del G3 respectivament despr\u00e9s d\u2019un brillant final de campionat. El Bal\u00eds aconsegueix la 2a posici\u00f3 en la classificaci\u00f3 per clubs. Dissabte els nostres regatistes no van poder celebrar cap prova degut a la falta de vent. Diumenge es van celebrar dues proves per a cada grup de competici\u00f3. [&hellip;]<\/p>\n","protected":false},"author":1,"featured_media":5992,"comment_status":"open","ping_status":"open","sticky":false,"template":"","format":"standard","meta":{"footnotes":""},"categories":[782,23],"tags":[],"class_list":["post-28777","post","type-post","status-publish","format-standard","has-post-thumbnail","hentry","category-esport","category-vela"],"acf":[],"_links":{"self":[{"href":"https:\/\/www.cnelbalis.com\/ca\/wp-json\/wp\/v2\/posts\/28777","targetHints":{"allow":["GET"]}}],"collection":[{"href":"https:\/\/www.cnelbalis.com\/ca\/wp-json\/wp\/v2\/posts"}],"about":[{"href":"https:\/\/www.cnelbalis.com\/ca\/wp-json\/wp\/v2\/types\/post"}],"author":[{"embeddable":true,"href":"https:\/\/www.cnelbalis.com\/ca\/wp-json\/wp\/v2\/users\/1"}],"replies":[{"embeddable":true,"href":"https:\/\/www.cnelbalis.com\/ca\/wp-json\/wp\/v2\/comments?post=28777"}],"version-history":[{"count":1,"href":"https:\/\/www.cnelbalis.com\/ca\/wp-json\/wp\/v2\/posts\/28777\/revisions"}],"predecessor-version":[{"id":30765,"href":"https:\/\/www.cnelbalis.com\/ca\/wp-json\/wp\/v2\/posts\/28777\/revisions\/30765"}],"wp:featuredmedia":[{"embeddable":true,"href":"https:\/\/www.cnelbalis.com\/ca\/wp-json\/wp\/v2\/media\/5992"}],"wp:attachment":[{"href":"https:\/\/www.cnelbalis.com\/ca\/wp-json\/wp\/v2\/media?parent=28777"}],"wp:term":[{"taxonomy":"category","embeddable":true,"href":"https:\/\/www.cnelbalis.com\/ca\/wp-json\/wp\/v2\/categories?post=28777"},{"taxonomy":"post_tag","embeddable":true,"href":"https:\/\/www.cnelbalis.com\/ca\/wp-json\/wp\/v2\/tags?post=28777"}],"curies":[{"name":"wp","href":"https:\/\/api.w.org\/{rel}","templated":true}]}}