{"id":28776,"date":"2013-02-25T12:49:13","date_gmt":"2013-02-25T11:49:13","guid":{"rendered":"https:\/\/club.cnelbalis.com\/5-optimistes-a-la-copa-de-castello\/"},"modified":"2022-06-24T08:58:04","modified_gmt":"2022-06-24T06:58:04","slug":"5-optimistes-a-la-copa-de-castello","status":"publish","type":"post","link":"https:\/\/www.cnelbalis.com\/ca\/5-optimistes-a-la-copa-de-castello\/","title":{"rendered":"5 optimistes a la Copa de Castell\u00f3"},"content":{"rendered":"<p>Alex Br\u00fa, Albert Gelp\u00ed, Marta Munt\u00e9, Elia Miquel, i Flavia Robles seran els representants de El Bal\u00eds a la Copa d\u2019Espanya d\u2019Optimist que es celebrar\u00e0 a Castell\u00f3 durant aquesta setmana Santa. Els 5 regatistes seleccionats, entre els 17 primers del r\u00e0nquing catal\u00e0 de la classe han fet bones actuacions aquest cap de setmana a Platja d\u2019Aro on s\u2019ha celebrat l\u2019\u00faltima regata classificat\u00f2ria.<\/p>\n<p>En la classificaci\u00f3 general de la regata, les classificacions han estat:<br \/>\n5. Marta Munt\u00e9<br \/>\n6. Albert Gelp\u00ed<br \/>\n10. Elia Miquel<br \/>\n14. Flavia Robles<br \/>\n18. Alex Br\u00fa<br \/>\n27. Elisenda Rahola<br \/>\n47. Nacho Ben\u00edtez<br \/>\n59. Mart\u00ed Serr\u00e0<br \/>\n61. Marc Tello<br \/>\n62. Arnau Gelp\u00ed<\/p>\n<p>En el grup 2:<br \/>\n29. Monica Veenhoven<br \/>\n46. mar Echevarne<br \/>\n47. Nicol\u00e1s Borr\u00e1s<br \/>\n53. Yago Ma\u00f1\u00e9<br \/>\n66. Helena Pru\u00f1onosa<br \/>\n68. Nil Serr\u00e0<br \/>\n77. Carlos Calic\u00f3 (va patir un BFD a la segona prova)<br \/>\nMariona Rahola i Josep maria Funallet no van poder acabar les proves celebrades.<\/p>\n<p>A la classe 420 es van celebrar 2 proves; en la classificaci\u00f3 general els millors de El Bal\u00eds s\u00f3n, a falta d\u2019un cap de setmana de regates, Carlos Calic\u00f3 i Marcel Soler en 8a posici\u00f3; els segueixien Franc Br\u00fa i Sigfrid Rovira, 9ens i Willy Pi-Su\u00f1er i Nil L\u00f3pez, 11ens. \u00c0nims i a per totes el cap de setmana que ve!!<\/p>\n<p><img loading=\"lazy\" decoding=\"async\" src=\"https:\/\/www.cnelbalis.com\/wp-content\/uploads\/vj-wp-import-export\/temp\/2013\/02\/40.jpg\" alt=\"40\" width=\"640\" height=\"480\" class=\"alignright size-full wp-image-7219\" \/><\/p>\n","protected":false},"excerpt":{"rendered":"<p>Alex Br\u00fa, Albert Gelp\u00ed, Marta Munt\u00e9, Elia Miquel, i Flavia Robles seran els representants de El Bal\u00eds a la Copa d\u2019Espanya d\u2019Optimist que es celebrar\u00e0 a Castell\u00f3 durant aquesta setmana Santa. Els 5 regatistes seleccionats, entre els 17 primers del r\u00e0nquing catal\u00e0 de la classe han fet bones actuacions aquest cap de setmana a Platja [&hellip;]<\/p>\n","protected":false},"author":1,"featured_media":5971,"comment_status":"open","ping_status":"open","sticky":false,"template":"","format":"standard","meta":{"footnotes":""},"categories":[782],"tags":[],"class_list":["post-28776","post","type-post","status-publish","format-standard","has-post-thumbnail","hentry","category-esport"],"acf":[],"_links":{"self":[{"href":"https:\/\/www.cnelbalis.com\/ca\/wp-json\/wp\/v2\/posts\/28776","targetHints":{"allow":["GET"]}}],"collection":[{"href":"https:\/\/www.cnelbalis.com\/ca\/wp-json\/wp\/v2\/posts"}],"about":[{"href":"https:\/\/www.cnelbalis.com\/ca\/wp-json\/wp\/v2\/types\/post"}],"author":[{"embeddable":true,"href":"https:\/\/www.cnelbalis.com\/ca\/wp-json\/wp\/v2\/users\/1"}],"replies":[{"embeddable":true,"href":"https:\/\/www.cnelbalis.com\/ca\/wp-json\/wp\/v2\/comments?post=28776"}],"version-history":[{"count":1,"href":"https:\/\/www.cnelbalis.com\/ca\/wp-json\/wp\/v2\/posts\/28776\/revisions"}],"predecessor-version":[{"id":30764,"href":"https:\/\/www.cnelbalis.com\/ca\/wp-json\/wp\/v2\/posts\/28776\/revisions\/30764"}],"wp:featuredmedia":[{"embeddable":true,"href":"https:\/\/www.cnelbalis.com\/ca\/wp-json\/wp\/v2\/media\/5971"}],"wp:attachment":[{"href":"https:\/\/www.cnelbalis.com\/ca\/wp-json\/wp\/v2\/media?parent=28776"}],"wp:term":[{"taxonomy":"category","embeddable":true,"href":"https:\/\/www.cnelbalis.com\/ca\/wp-json\/wp\/v2\/categories?post=28776"},{"taxonomy":"post_tag","embeddable":true,"href":"https:\/\/www.cnelbalis.com\/ca\/wp-json\/wp\/v2\/tags?post=28776"}],"curies":[{"name":"wp","href":"https:\/\/api.w.org\/{rel}","templated":true}]}}