{"id":28761,"date":"2013-03-21T16:16:20","date_gmt":"2013-03-21T15:16:20","guid":{"rendered":"https:\/\/club.cnelbalis.com\/podi-al-n3-de-premia\/"},"modified":"2022-06-24T08:58:03","modified_gmt":"2022-06-24T06:58:03","slug":"podi-al-n3-de-premia","status":"publish","type":"post","link":"https:\/\/www.cnelbalis.com\/ca\/podi-al-n3-de-premia\/","title":{"rendered":"Podi al N3 de Premi\u00e0"},"content":{"rendered":"<p>Aquest cap de setmana s&#8217;ha celebrat a Premi\u00e0 la primera regata puntuable per l&#8217;equip dels m\u00e9s petits, el grup 3 d&#8217;optimist.<\/p>\n<p>Dissabte va ser una dura jornada, amb ratxes que van arribar els 18-20nusos! Van fer un gran esfor\u00e7 i nom\u00e9s 5 regatistes dels 40 que van prendre la sortida de grup 3 van poder acabar la prova, entre els que es trobaven dos del Bal\u00eds.<\/p>\n<p>Diumenge el dia va ser completament al rev\u00e9s, vem poder fer una prova m\u00e9s per\u00f2 amb molt poc vent.<\/p>\n<p>Felicitar tot l&#8217;equip i en especial al Carlos de Francisco 2on classificat G3 (25 de la general) i a l\u2019Elena Bregante 3era Classificada G3 (26 de la General).<\/p>\n<p>Alvar Ma\u00f1\u00e9 \u2013 10\u00e8 del G3 i 39 de la general.<br \/>\nGabi Cort\u00e9s \u2013 11\u00e8 i 40 de la general.<br \/>\nDaniela Borras \u2013 12a i 41a de la general.<br \/>\nPau Llibre \u2013 16 i 45 de la general.<br \/>\nVictoria Pru\u00f1onosa \u2013 25a del G3 i 54a de la general<br \/>\nAdriana Pru\u00f1onosa no va poder finalitzar la prova de diumenge.<\/p>\n<p>Felicitats a tots!<\/p>\n<p><img loading=\"lazy\" decoding=\"async\" src=\"https:\/\/www.cnelbalis.com\/wp-content\/uploads\/vj-w\/-i\/36-1.jpg\" alt=\"36\" width=\"640\" height=\"480\" class=\"alignright size-full wp-image-7083\" \/><\/p>\n","protected":false},"excerpt":{"rendered":"<p>Aquest cap de setmana s&#8217;ha celebrat a Premi\u00e0 la primera regata puntuable per l&#8217;equip dels m\u00e9s petits, el grup 3 d&#8217;optimist. Dissabte va ser una dura jornada, amb ratxes que van arribar els 18-20nusos! Van fer un gran esfor\u00e7 i nom\u00e9s 5 regatistes dels 40 que van prendre la sortida de grup 3 van poder [&hellip;]<\/p>\n","protected":false},"author":1,"featured_media":6603,"comment_status":"open","ping_status":"open","sticky":false,"template":"","format":"standard","meta":{"footnotes":""},"categories":[782],"tags":[],"class_list":["post-28761","post","type-post","status-publish","format-standard","has-post-thumbnail","hentry","category-esport"],"acf":[],"_links":{"self":[{"href":"https:\/\/www.cnelbalis.com\/ca\/wp-json\/wp\/v2\/posts\/28761","targetHints":{"allow":["GET"]}}],"collection":[{"href":"https:\/\/www.cnelbalis.com\/ca\/wp-json\/wp\/v2\/posts"}],"about":[{"href":"https:\/\/www.cnelbalis.com\/ca\/wp-json\/wp\/v2\/types\/post"}],"author":[{"embeddable":true,"href":"https:\/\/www.cnelbalis.com\/ca\/wp-json\/wp\/v2\/users\/1"}],"replies":[{"embeddable":true,"href":"https:\/\/www.cnelbalis.com\/ca\/wp-json\/wp\/v2\/comments?post=28761"}],"version-history":[{"count":1,"href":"https:\/\/www.cnelbalis.com\/ca\/wp-json\/wp\/v2\/posts\/28761\/revisions"}],"predecessor-version":[{"id":30749,"href":"https:\/\/www.cnelbalis.com\/ca\/wp-json\/wp\/v2\/posts\/28761\/revisions\/30749"}],"wp:featuredmedia":[{"embeddable":true,"href":"https:\/\/www.cnelbalis.com\/ca\/wp-json\/wp\/v2\/media\/6603"}],"wp:attachment":[{"href":"https:\/\/www.cnelbalis.com\/ca\/wp-json\/wp\/v2\/media?parent=28761"}],"wp:term":[{"taxonomy":"category","embeddable":true,"href":"https:\/\/www.cnelbalis.com\/ca\/wp-json\/wp\/v2\/categories?post=28761"},{"taxonomy":"post_tag","embeddable":true,"href":"https:\/\/www.cnelbalis.com\/ca\/wp-json\/wp\/v2\/tags?post=28761"}],"curies":[{"name":"wp","href":"https:\/\/api.w.org\/{rel}","templated":true}]}}