{"id":28739,"date":"2012-02-25T23:27:11","date_gmt":"2012-02-25T22:27:11","guid":{"rendered":"https:\/\/club.cnelbalis.com\/la-pesca-i-la-vela-al-maresme\/"},"modified":"2022-06-24T08:57:55","modified_gmt":"2022-06-24T06:57:55","slug":"la-pesca-i-la-vela-al-maresme","status":"publish","type":"post","link":"https:\/\/www.cnelbalis.com\/ca\/la-pesca-i-la-vela-al-maresme\/","title":{"rendered":"La pesca i la vela al Maresme"},"content":{"rendered":"<p><img loading=\"lazy\" decoding=\"async\" class=\"alignright size-full wp-image-6783\" src=\"https:\/\/www.cnelbalis.com\/wp-content\/uploads\/vj-w\/-i\/252161038CIMG4321.jpg\" alt=\"252161038cimg4321\" width=\"320\" height=\"212\" \/>M\u00e9s d&#8217;una trentena de socis i amics de El Bal\u00eds, el mar, la vela i la pesca esportiva s&#8217;han reunit aquest mat\u00ed a les nostres instal\u00b7lacions per rebre una classe magistral de pesca de la m\u00e0 de Nacho Torner, delegat de pesca de El Bal\u00eds i gran especialista en pesca esportiva, qui ha captivat a l&#8217;audi\u00e8ncia amb clares explicacions sobre qu\u00e8, quan i com podem pescar a la nostra costa durant una sortida a vela.<\/p>\n<p>En Nacho ha aconseguit una confer\u00e8ncia molt participativa i amena on sembla que, pas a pas, tots hem anat trobant el cam\u00ed a seguir per &#8220;tornar a cassa amb un bon peix per sopar&#8221;. Algun assistent ha comentat &#8220;jo no ho feia tot aix\u00f2, ara em queda m\u00e9s clar perqu\u00e8 no pescava&#8230;&#8221;<\/p>\n<p>Partint de unes premisses: cada vegada hi ha menys peix a les nostres costes i que els velers gaudeixen de l&#8217;avantatge de navegar en silenci, s&#8217;han repassat els principis per una bona pesca al curric\u00e0.<\/p>\n<p>EQUIP B\u00c0SIC DE PESCA AL CURRIC\u00c0<br \/>\nPlegat\u00ed: de suro o de pl\u00e0stic, tot i que millor el de pl\u00e0stic ja que no agafa olors ni es podreix. Es compon de una corda, amb un giratori potent (per a 300 lliures) que pot anar tapat amb un popet perqu\u00e8 no faci bromera. Despr\u00e9s hi va uns 10 metres de nil\u00f3 i despr\u00e9s l&#8217;esquer.<br \/>\nCanya de curric\u00e0 de costa: millor si \u00e9s de les de tambor giratori que no pas de tambor fix. A la base hi posarem fil de nil\u00f3 de 0.50 o b\u00e9 de dinema. El plom el pengem a 25\/40 metres del final de la l\u00ednia. A al \u00faltima bra\u00e7ada de la l\u00ednia hi anir\u00e0 el giratori (petit, perqu\u00e8 aix\u00ed passi per l&#8217;anella); el tipus de fil fins l&#8217;esquer millor que sigui de fluorocarboni, ja que \u00e9s molt m\u00e9s transparent.<br \/>\nLes l\u00ednies han d&#8217;estar tirades fina a 50 metres de l&#8217;embarcaci\u00f3.<\/p>\n<div id='gallery-1' class='gallery galleryid-28739 gallery-columns-3 gallery-size-thumbnail'><figure class='gallery-item'>\n\t\t\t<div class='gallery-icon portrait'>\n\t\t\t\t<a href='https:\/\/www.cnelbalis.com\/ca\/72-2\/'><img loading=\"lazy\" decoding=\"async\" width=\"150\" height=\"150\" src=\"https:\/\/www.cnelbalis.com\/wp-content\/uploads\/vj-w\/-i\/72-150x150.jpg\" class=\"attachment-thumbnail size-thumbnail\" alt=\"\" \/><\/a>\n\t\t\t<\/div><\/figure><figure class='gallery-item'>\n\t\t\t<div class='gallery-icon landscape'>\n\t\t\t\t<a href='https:\/\/www.cnelbalis.com\/ca\/73-2\/'><img loading=\"lazy\" decoding=\"async\" width=\"150\" height=\"150\" src=\"https:\/\/www.cnelbalis.com\/wp-content\/uploads\/vj-w\/-i\/73-150x150.jpg\" class=\"attachment-thumbnail size-thumbnail\" alt=\"\" \/><\/a>\n\t\t\t<\/div><\/figure><figure class='gallery-item'>\n\t\t\t<div class='gallery-icon landscape'>\n\t\t\t\t<a href='https:\/\/www.cnelbalis.com\/ca\/75-2\/'><img loading=\"lazy\" decoding=\"async\" width=\"150\" height=\"150\" src=\"https:\/\/www.cnelbalis.com\/wp-content\/uploads\/vj-w\/-i\/75-150x150.jpg\" class=\"attachment-thumbnail size-thumbnail\" alt=\"\" \/><\/a>\n\t\t\t<\/div><\/figure><figure class='gallery-item'>\n\t\t\t<div class='gallery-icon portrait'>\n\t\t\t\t<a href='https:\/\/www.cnelbalis.com\/ca\/74-2\/'><img loading=\"lazy\" decoding=\"async\" width=\"150\" height=\"150\" src=\"https:\/\/www.cnelbalis.com\/wp-content\/uploads\/vj-w\/-i\/74-150x150.jpg\" class=\"attachment-thumbnail size-thumbnail\" alt=\"\" \/><\/a>\n\t\t\t<\/div><\/figure><figure class='gallery-item'>\n\t\t\t<div class='gallery-icon landscape'>\n\t\t\t\t<a href='https:\/\/www.cnelbalis.com\/ca\/76-2\/'><img loading=\"lazy\" decoding=\"async\" width=\"150\" height=\"150\" src=\"https:\/\/www.cnelbalis.com\/wp-content\/uploads\/vj-w\/-i\/76-150x150.jpg\" class=\"attachment-thumbnail size-thumbnail\" alt=\"\" \/><\/a>\n\t\t\t<\/div><\/figure><figure class='gallery-item'>\n\t\t\t<div class='gallery-icon landscape'>\n\t\t\t\t<a href='https:\/\/www.cnelbalis.com\/ca\/77-2\/'><img loading=\"lazy\" decoding=\"async\" width=\"150\" height=\"150\" src=\"https:\/\/www.cnelbalis.com\/wp-content\/uploads\/vj-w\/-i\/77-150x150.jpg\" class=\"attachment-thumbnail size-thumbnail\" alt=\"\" \/><\/a>\n\t\t\t<\/div><\/figure>\n\t\t<\/div>\n\n<p>ESQUERS<br \/>\n&#8211; Ploma &#8211; va en superf\u00edcie i \u00e9s ideal per navegar entre 4 i 5 nusos<br \/>\n&#8211; Ploma retallada<br \/>\n&#8211; Tipus repala &#8211; d&#8217;uns 9 cent\u00edmetres de llargada<\/p>\n<p>ESP\u00c8CIES<br \/>\nAl maresme hi ha molt bon peix blau, com el Bon\u00edtol i bons peixos com la Melva, Llampugues, Bacoretes, Verats, Sorells, Barracudes, Bacores i fins i tot Aranyes (tot i que aquestes solen estar al fons i cal anar amb molt de compte perqu\u00e8 s\u00f3n peixos molt verinosos!)<\/p>\n<p>En Nacho ens ha recomanat netejar el peix a bord i amb aigua de mar i escatar-lo al vaixell mateix, perqu\u00e8 &#8220;aix\u00ed a casa fem menys merder i un cop net el peix pot aguantar un parell o tres de dies a la nevera&#8221;.<\/p>\n<p>VELOCITAT<br \/>\nSi naveguem entre 3 i 4 nusos el millor \u00e9s utilitzar un esquer tipus repala i a partir dels 5-6 nusos, una ploma.<\/p>\n<p>HORARIS<br \/>\nSi b\u00e9 per assegurar una bona pesca cal matinar perqu\u00e8 el peix normalment menja a primera hora del dia i\/o a la tarda (i les sortides a vela solen ser cap el migdia), no cal preocupar-se per l&#8217;horari i aprofitar la sortida per intentar-ho &#8220;estic segur que pescareu&#8221;.<\/p>\n<p>FONS MARINS<br \/>\nMajorit\u00e0riament el fons del Maresme \u00e9s sorrenc; si b\u00e9 a una milla del nostre port trobem El Pilar, una franja rocosa que si la naveguem &#8220;cosint el fons&#8221; podem trobar bones captures.<\/p>\n<p>En Nacho ha recalcat la import\u00e0ncia de les praderies de posid\u00f2nia del Maresme, &#8220;els boscos del mar&#8221; i ha aprofitat l&#8217;avinentesa per parlar dels fondejos dels nostres velers per intentar conscienciar a l&#8217;audi\u00e8ncia de les possibilitats de fer un ancoratge responsable.<\/p>\n<p>Donat l&#8217;\u00e8xit i la satisfacci\u00f3 dels participants en Nacho en ha comentat que &#8220;ho hem de repetir, ja pensarem qu\u00e8 podem fer l&#8217;any que ve&#8221;. Moltes gr\u00e0cies!<\/p>\n","protected":false},"excerpt":{"rendered":"<p>M\u00e9s d&#8217;una trentena de socis i amics de El Bal\u00eds, el mar, la vela i la pesca esportiva s&#8217;han reunit aquest mat\u00ed a les nostres instal\u00b7lacions per rebre una classe magistral de pesca de la m\u00e0 de Nacho Torner, delegat de pesca de El Bal\u00eds i gran especialista en pesca esportiva, qui ha captivat a [&hellip;]<\/p>\n","protected":false},"author":1,"featured_media":6448,"comment_status":"open","ping_status":"open","sticky":false,"template":"","format":"standard","meta":{"footnotes":""},"categories":[782],"tags":[],"class_list":["post-28739","post","type-post","status-publish","format-standard","has-post-thumbnail","hentry","category-esport"],"acf":[],"_links":{"self":[{"href":"https:\/\/www.cnelbalis.com\/ca\/wp-json\/wp\/v2\/posts\/28739","targetHints":{"allow":["GET"]}}],"collection":[{"href":"https:\/\/www.cnelbalis.com\/ca\/wp-json\/wp\/v2\/posts"}],"about":[{"href":"https:\/\/www.cnelbalis.com\/ca\/wp-json\/wp\/v2\/types\/post"}],"author":[{"embeddable":true,"href":"https:\/\/www.cnelbalis.com\/ca\/wp-json\/wp\/v2\/users\/1"}],"replies":[{"embeddable":true,"href":"https:\/\/www.cnelbalis.com\/ca\/wp-json\/wp\/v2\/comments?post=28739"}],"version-history":[{"count":1,"href":"https:\/\/www.cnelbalis.com\/ca\/wp-json\/wp\/v2\/posts\/28739\/revisions"}],"predecessor-version":[{"id":30727,"href":"https:\/\/www.cnelbalis.com\/ca\/wp-json\/wp\/v2\/posts\/28739\/revisions\/30727"}],"wp:featuredmedia":[{"embeddable":true,"href":"https:\/\/www.cnelbalis.com\/ca\/wp-json\/wp\/v2\/media\/6448"}],"wp:attachment":[{"href":"https:\/\/www.cnelbalis.com\/ca\/wp-json\/wp\/v2\/media?parent=28739"}],"wp:term":[{"taxonomy":"category","embeddable":true,"href":"https:\/\/www.cnelbalis.com\/ca\/wp-json\/wp\/v2\/categories?post=28739"},{"taxonomy":"post_tag","embeddable":true,"href":"https:\/\/www.cnelbalis.com\/ca\/wp-json\/wp\/v2\/tags?post=28739"}],"curies":[{"name":"wp","href":"https:\/\/api.w.org\/{rel}","templated":true}]}}