{"id":28698,"date":"2013-09-01T20:15:35","date_gmt":"2013-09-01T18:15:35","guid":{"rendered":"https:\/\/club.cnelbalis.com\/campionat-social-de-natacio-2013\/"},"modified":"2022-06-24T08:57:46","modified_gmt":"2022-06-24T06:57:46","slug":"campionat-social-de-natacio-2013","status":"publish","type":"post","link":"https:\/\/www.cnelbalis.com\/ca\/campionat-social-de-natacio-2013\/","title":{"rendered":"CAMPIONAT SOCIAL DE NATACI\u00d3 2013"},"content":{"rendered":"<p><img loading=\"lazy\" decoding=\"async\" class=\"alignright size-full wp-image-6290\" src=\"https:\/\/www.cnelbalis.com\/wp-content\/uploads\/vj-w\/-i\/59135020CIMG9662.jpg\" alt=\"59135020cimg9662\" width=\"320\" height=\"212\" \/> Javier Gil registra el millor temps de la piscina d&#8217;aquesta edici\u00f3 0&#8217;14&#8221;35.<br \/>\nPodeu consultar el llistat de participants i temps realitzats en el Campionat Social de Nataci\u00f3 del Club N\u00e0utic El Bal\u00eds. Tots els temps ordenats per categories.<br \/>\nGr\u00e0cies a tots els participants, voluntaris i pares!<br \/>\nFins l&#8217;any que ve!<\/p>\n<p>&nbsp;<\/p>\n<div id='gallery-1' class='gallery galleryid-28698 gallery-columns-3 gallery-size-thumbnail'><figure class='gallery-item'>\n\t\t\t<div class='gallery-icon landscape'>\n\t\t\t\t<a href='https:\/\/www.cnelbalis.com\/ca\/317183854rsfevawolds2012_haylingislanduk47-2\/'><img loading=\"lazy\" decoding=\"async\" width=\"150\" height=\"150\" src=\"https:\/\/www.cnelbalis.com\/wp-content\/uploads\/vj-w\/-i\/317183854RSFevaWolds2012_HaylingIslandUK47-150x150.jpg\" class=\"attachment-thumbnail size-thumbnail\" alt=\"\" \/><\/a>\n\t\t\t<\/div><\/figure><figure class='gallery-item'>\n\t\t\t<div class='gallery-icon landscape'>\n\t\t\t\t<a href='https:\/\/www.cnelbalis.com\/ca\/317183854rsfevawolds2012_haylingislanduk47-2-2\/'><img loading=\"lazy\" decoding=\"async\" width=\"150\" height=\"150\" src=\"https:\/\/www.cnelbalis.com\/wp-content\/uploads\/vj-w\/-i\/317183854RSFevaWolds2012_HaylingIslandUK47-150x150.jpg\" class=\"attachment-thumbnail size-thumbnail\" alt=\"\" \/><\/a>\n\t\t\t<\/div><\/figure>\n\t\t<\/div>\n\n","protected":false},"excerpt":{"rendered":"<p>Javier Gil registra el millor temps de la piscina d&#8217;aquesta edici\u00f3 0&#8217;14&#8221;35. Podeu consultar el llistat de participants i temps realitzats en el Campionat Social de Nataci\u00f3 del Club N\u00e0utic El Bal\u00eds. Tots els temps ordenats per categories. Gr\u00e0cies a tots els participants, voluntaris i pares! Fins l&#8217;any que ve! &nbsp;<\/p>\n","protected":false},"author":1,"featured_media":6133,"comment_status":"open","ping_status":"open","sticky":false,"template":"","format":"standard","meta":{"footnotes":""},"categories":[782,26],"tags":[],"class_list":["post-28698","post","type-post","status-publish","format-standard","has-post-thumbnail","hentry","category-esport","category-social"],"acf":[],"_links":{"self":[{"href":"https:\/\/www.cnelbalis.com\/ca\/wp-json\/wp\/v2\/posts\/28698","targetHints":{"allow":["GET"]}}],"collection":[{"href":"https:\/\/www.cnelbalis.com\/ca\/wp-json\/wp\/v2\/posts"}],"about":[{"href":"https:\/\/www.cnelbalis.com\/ca\/wp-json\/wp\/v2\/types\/post"}],"author":[{"embeddable":true,"href":"https:\/\/www.cnelbalis.com\/ca\/wp-json\/wp\/v2\/users\/1"}],"replies":[{"embeddable":true,"href":"https:\/\/www.cnelbalis.com\/ca\/wp-json\/wp\/v2\/comments?post=28698"}],"version-history":[{"count":1,"href":"https:\/\/www.cnelbalis.com\/ca\/wp-json\/wp\/v2\/posts\/28698\/revisions"}],"predecessor-version":[{"id":30686,"href":"https:\/\/www.cnelbalis.com\/ca\/wp-json\/wp\/v2\/posts\/28698\/revisions\/30686"}],"wp:featuredmedia":[{"embeddable":true,"href":"https:\/\/www.cnelbalis.com\/ca\/wp-json\/wp\/v2\/media\/6133"}],"wp:attachment":[{"href":"https:\/\/www.cnelbalis.com\/ca\/wp-json\/wp\/v2\/media?parent=28698"}],"wp:term":[{"taxonomy":"category","embeddable":true,"href":"https:\/\/www.cnelbalis.com\/ca\/wp-json\/wp\/v2\/categories?post=28698"},{"taxonomy":"post_tag","embeddable":true,"href":"https:\/\/www.cnelbalis.com\/ca\/wp-json\/wp\/v2\/tags?post=28698"}],"curies":[{"name":"wp","href":"https:\/\/api.w.org\/{rel}","templated":true}]}}