{"id":28682,"date":"2013-12-09T10:47:12","date_gmt":"2013-12-09T09:47:12","guid":{"rendered":"https:\/\/club.cnelbalis.com\/trofeu-ciutat-de-palma\/"},"modified":"2022-06-24T08:57:46","modified_gmt":"2022-06-24T06:57:46","slug":"trofeu-ciutat-de-palma","status":"publish","type":"post","link":"https:\/\/www.cnelbalis.com\/ca\/trofeu-ciutat-de-palma\/","title":{"rendered":"Trofeu Ciutat de Palma"},"content":{"rendered":"<p>Arnau Gelp\u00ed, 22\u00e8. Tretze regatistes de la flota d\u2019Optimist del club han participat a la regata internacional Trofeu Ciutat de Palma; nom\u00e9s s\u2019han pogut celebrar dues proves degut a la situaci\u00f3 anticicl\u00f2nica actual. La Magda Resano en en fa un breu resum l\u2019\u00faltim dia:<\/p>\n<p>\u201c3 y ultimo d\u00eda en Palma: hoy no pudo hacerse nada por falta de viento y ayer solo 1 prueba. Para los m\u00e1s peque\u00f1os, y en su primera regata fuera, los resultados y la experiencia ha sido buen\u00edsima. Menci\u00f3n especial para Jaume y Pau con tan solo 9 a\u00f1os!!!! Muy buen resultado de Arnau Gelp\u00ed 22 de la general. Y Albert Gelp\u00ed, Alex Br\u00fa, Elia Miquel y Elisenda Rahola no han tenido las 2 pruebas buenas que le hubieran permitido estar delante en la clasificaci\u00f3n. Igual otra buena regata de nivel para seguir mejorando! <\/p>\n<p>Resultados finales entre 367 regatistas de todo Europa: 22) Arnau 8-19; 25) albert 4-25; 63) \u00c8lia 17-39; 101) alex 22-61; 111) Mariona 71-20; 130) M\u00f2nica 53-48; 136) Eli 37-66; 140) Nico 59-48; 148) Helena 81-30; 219) Jaume 74-80; 220) Pau 75-79; 236) Carlos 74-88 y 238) Gabi 73-90.\u201d<\/p>\n<p><img loading=\"lazy\" decoding=\"async\" src=\"https:\/\/www.cnelbalis.com\/wp-content\/uploads\/vj-w\/-i\/15-1.jpg\" alt=\"15\" width=\"640\" height=\"480\" class=\"aligncenter size-full wp-image-6113\" \/><\/p>\n","protected":false},"excerpt":{"rendered":"<p>Arnau Gelp\u00ed, 22\u00e8. Tretze regatistes de la flota d\u2019Optimist del club han participat a la regata internacional Trofeu Ciutat de Palma; nom\u00e9s s\u2019han pogut celebrar dues proves degut a la situaci\u00f3 anticicl\u00f2nica actual. La Magda Resano en en fa un breu resum l\u2019\u00faltim dia: \u201c3 y ultimo d\u00eda en Palma: hoy no pudo hacerse nada [&hellip;]<\/p>\n","protected":false},"author":1,"featured_media":5851,"comment_status":"open","ping_status":"open","sticky":false,"template":"","format":"standard","meta":{"footnotes":""},"categories":[782],"tags":[],"class_list":["post-28682","post","type-post","status-publish","format-standard","has-post-thumbnail","hentry","category-esport"],"acf":[],"_links":{"self":[{"href":"https:\/\/www.cnelbalis.com\/ca\/wp-json\/wp\/v2\/posts\/28682","targetHints":{"allow":["GET"]}}],"collection":[{"href":"https:\/\/www.cnelbalis.com\/ca\/wp-json\/wp\/v2\/posts"}],"about":[{"href":"https:\/\/www.cnelbalis.com\/ca\/wp-json\/wp\/v2\/types\/post"}],"author":[{"embeddable":true,"href":"https:\/\/www.cnelbalis.com\/ca\/wp-json\/wp\/v2\/users\/1"}],"replies":[{"embeddable":true,"href":"https:\/\/www.cnelbalis.com\/ca\/wp-json\/wp\/v2\/comments?post=28682"}],"version-history":[{"count":1,"href":"https:\/\/www.cnelbalis.com\/ca\/wp-json\/wp\/v2\/posts\/28682\/revisions"}],"predecessor-version":[{"id":30670,"href":"https:\/\/www.cnelbalis.com\/ca\/wp-json\/wp\/v2\/posts\/28682\/revisions\/30670"}],"wp:featuredmedia":[{"embeddable":true,"href":"https:\/\/www.cnelbalis.com\/ca\/wp-json\/wp\/v2\/media\/5851"}],"wp:attachment":[{"href":"https:\/\/www.cnelbalis.com\/ca\/wp-json\/wp\/v2\/media?parent=28682"}],"wp:term":[{"taxonomy":"category","embeddable":true,"href":"https:\/\/www.cnelbalis.com\/ca\/wp-json\/wp\/v2\/categories?post=28682"},{"taxonomy":"post_tag","embeddable":true,"href":"https:\/\/www.cnelbalis.com\/ca\/wp-json\/wp\/v2\/tags?post=28682"}],"curies":[{"name":"wp","href":"https:\/\/api.w.org\/{rel}","templated":true}]}}