{"id":28674,"date":"2014-02-25T08:54:23","date_gmt":"2014-02-25T07:54:23","guid":{"rendered":"https:\/\/club.cnelbalis.com\/5-regatistes-a-la-seleccio-un-any-mes\/"},"modified":"2022-06-24T08:57:42","modified_gmt":"2022-06-24T06:57:42","slug":"5-regatistes-a-la-seleccio-un-any-mes","status":"publish","type":"post","link":"https:\/\/www.cnelbalis.com\/ca\/5-regatistes-a-la-seleccio-un-any-mes\/","title":{"rendered":"5 regatistes a la selecci\u00f3 un any m\u00e9s!"},"content":{"rendered":"<p>Platja d\u2019Aro va acollir la \u00faltima regata de Nivell 2 que tancava el proc\u00e9s de selecci\u00f3n d\u2019esportistes per anar a la Copa d\u2019Espanya de la classe Optimist. Un any m\u00e9s, i ja en van 5, EL Bal\u00eds aconsegueix tenir 5 regatistes entre els millors de Catalunya; u any m\u00e9s, l\u2019esportivitat i la companyonia han estat presents en el proc\u00e9s de guanyar una de les preuades places.<\/p>\n<p>La Magda ens envia un resum de com anar les dues jornades finals del classificatori, que va ser d\u2019infart!!!<\/p>\n<p>Dissabte es van celebrar 3 proves amb vents suaus, l\u2019Elisenda Rahola aconseguia ficar-se en les 20 primeres places del r\u00e0nking, per\u00f2 en Marc Tello se\u2019n quedava fora. Va ser un dia compliact, amb un camp de regates dif\u00edcil de llegir, el que va propiciar resultats irregulars de regatistes com la Mariona Rahola, la Monica Veenhoven, el Nacho Ben\u00edtez, l\u2019Helena Pru\u00f1onosa i el Nico Borr\u00e0s.<\/p>\n<p>Diumenge les proves es van c\u00f3rrer amb vents mitjos. Hi havia nervis a l\u2019ambient, l\u2019Eli i el Marc es jugaven la pla\u00e7a a la selecci\u00f3. A la primera prova l\u2019Eli aconseguia pujar una posici\u00f3 al ranking, a 3 punts del 17&#8230; necessitavem una altra prova! \u201cpor otro lado, Marc Tello baja un poco y ya para entrar necesitaba al menos 2 pruebas muy buenas&#8230;dado el tiempo l\u00edmite s\u00f3lo daba tiempo a realizar una \u00fanica prueba&#8230;as\u00ed y todo Marc deb\u00eda darlo todo ya que aunque no fuera posible pelear para la COPA de ESPA\u00d1A (abril 2014), s\u00ed tiene todas las opciones para seguir luchando por un sitio en la selecci\u00f3n catalana para el CAMPEONATO de ESPA\u00d1A (junio 2014).\u201d<\/p>\n<p>\u201c\u00daltima prueba&#8230;\u00a1todo hace que la tensi\u00f3n crezca a\u00fan m\u00e1s! se repiten 4 salidas&#8230;3 con bandera negra, Eli apretando en la salida ya que necesitaba si o si salir bien y ganarle al rival&#8230;el rival aprieta tambi\u00e9n&#8230;uf&#8230;cada llamada general volando al comit\u00e9 a mirar en la pizarra los BFD&#8230;por suerte Eli ten\u00eda claro que no hab\u00eda q arriesgarse a un BFD&#8230;pero el coraz\u00f3n en la garganta cada salida! Al final salida buena&#8230;y&#8230;salid\u00f3n de Eli, planchando a su rival y le gano en la salida en forma extraordinaria, y una excelente 1er ce\u00f1ida&#8230;aunque se notaron los nervios despu\u00e9s ya que en la popa pas\u00f3 de la 9\u00ba&#8230;a la 30\u00ba! Por suerte en la \u00faltima ce\u00f1ida no se olvid\u00f3 que lo vital para ganar era ganarle a su competidor directo por 4 puestos&#8230;\u201d<\/p>\n<p>Aix\u00ed \u00e9s que l\u2019Elisenda va aconseguir la seva pla\u00e7a per anar a la Copa d\u2019Espanya \u201cPREMIO AL ESFUERZO Y COMPROMISO ABSOLUTO!!!!\u201d<\/p>\n<p>La Magda tamb\u00e9 destaca \u201cla tristeza porque Marc no pudiera clasificarse, pero con las ganas y posibilidades intactas para luchar por un sitio para el campeonato, ya que est\u00e1 a tan solo 27 puntos de entrar!\u201d<\/p>\n<p>Adem\u00e1s no olvidarnos del excelente rendimiento de septiembre a aqu\u00ed, que muestra el nivel de nuestros regatistas tambi\u00e9n clasificados: Albert Gelp\u00ed 3\u00ba de la general y 2\u00ba de la A, Alex Br\u00fa 6\u00ba de la general, Arnau Gelp\u00ed 4\u00ba de la general y 2\u00ba de la B y Elia Miquel 10\u00ba de la general.<\/p>\n<p>De esta manera, el CLUB N\u00c1UTIC EL BAL\u00cdS, VUELVE a ser el club con mayor cantidad de regatistas en la SELECCI\u00d3 CATALANA DE OPTIMIST (17 regatistas), con 5 regatistas:<br \/>\n1\u00ba) ALBERT GELP\u00cd CORNUDELLA<br \/>\n4\u00ba) ALEX BR\u00da VERT<br \/>\n6\u00ba) ARNAU GELP\u00cd<br \/>\n8\u00ba) ELIA MIQUEL (1\u00ba F\u00c9MINA)<br \/>\n17\u00ba) ELISENDA RAHOLA CODINA<\/p>\n<p><img loading=\"lazy\" decoding=\"async\" src=\"https:\/\/www.cnelbalis.com\/wp-content\/uploads\/vj-w\/-i\/1-1.jpg\" alt=\"1\" width=\"640\" height=\"480\" class=\"aligncenter size-full wp-image-6055\" \/><\/p>\n","protected":false},"excerpt":{"rendered":"<p>Platja d\u2019Aro va acollir la \u00faltima regata de Nivell 2 que tancava el proc\u00e9s de selecci\u00f3n d\u2019esportistes per anar a la Copa d\u2019Espanya de la classe Optimist. Un any m\u00e9s, i ja en van 5, EL Bal\u00eds aconsegueix tenir 5 regatistes entre els millors de Catalunya; u any m\u00e9s, l\u2019esportivitat i la companyonia han estat [&hellip;]<\/p>\n","protected":false},"author":1,"featured_media":5822,"comment_status":"open","ping_status":"open","sticky":false,"template":"","format":"standard","meta":{"footnotes":""},"categories":[782],"tags":[],"class_list":["post-28674","post","type-post","status-publish","format-standard","has-post-thumbnail","hentry","category-esport"],"acf":[],"_links":{"self":[{"href":"https:\/\/www.cnelbalis.com\/ca\/wp-json\/wp\/v2\/posts\/28674","targetHints":{"allow":["GET"]}}],"collection":[{"href":"https:\/\/www.cnelbalis.com\/ca\/wp-json\/wp\/v2\/posts"}],"about":[{"href":"https:\/\/www.cnelbalis.com\/ca\/wp-json\/wp\/v2\/types\/post"}],"author":[{"embeddable":true,"href":"https:\/\/www.cnelbalis.com\/ca\/wp-json\/wp\/v2\/users\/1"}],"replies":[{"embeddable":true,"href":"https:\/\/www.cnelbalis.com\/ca\/wp-json\/wp\/v2\/comments?post=28674"}],"version-history":[{"count":1,"href":"https:\/\/www.cnelbalis.com\/ca\/wp-json\/wp\/v2\/posts\/28674\/revisions"}],"predecessor-version":[{"id":30664,"href":"https:\/\/www.cnelbalis.com\/ca\/wp-json\/wp\/v2\/posts\/28674\/revisions\/30664"}],"wp:featuredmedia":[{"embeddable":true,"href":"https:\/\/www.cnelbalis.com\/ca\/wp-json\/wp\/v2\/media\/5822"}],"wp:attachment":[{"href":"https:\/\/www.cnelbalis.com\/ca\/wp-json\/wp\/v2\/media?parent=28674"}],"wp:term":[{"taxonomy":"category","embeddable":true,"href":"https:\/\/www.cnelbalis.com\/ca\/wp-json\/wp\/v2\/categories?post=28674"},{"taxonomy":"post_tag","embeddable":true,"href":"https:\/\/www.cnelbalis.com\/ca\/wp-json\/wp\/v2\/tags?post=28674"}],"curies":[{"name":"wp","href":"https:\/\/api.w.org\/{rel}","templated":true}]}}