{"id":28665,"date":"2014-04-15T08:06:46","date_gmt":"2014-04-15T06:06:46","guid":{"rendered":"https:\/\/club.cnelbalis.com\/2-top-10-als-masters-de-calella\/"},"modified":"2022-06-24T08:57:41","modified_gmt":"2022-06-24T06:57:41","slug":"2-top-10-als-masters-de-calella","status":"publish","type":"post","link":"https:\/\/www.cnelbalis.com\/ca\/2-top-10-als-masters-de-calella\/","title":{"rendered":"2 top 10 als M\u00e0sters de Calella"},"content":{"rendered":"<p>Xavier Boluda ha estat 8\u00e8 i Ricard Llonch 10\u00e8.<\/p>\n<p>Calella ha acollit a 100 regatistes m\u00e0sters de la classe L\u00e0ser que durant 3 dies han disputat l&#8217;Euro L\u00e0ser M\u00e0sters Cup -Trofeu Calella de Palafrugell- Memorial Pitus Jim\u00e9nez, en el que s\u2019han pogut c\u00f3rrer 3 proves que es van celebrar dissabte.<\/p>\n<p>Xavier Boluda ha estat el millor classificat del Bal\u00eds amb una 8a posici\u00f3 i resultats molt regulars en les m\u00e0nigues corregudes. El segueix Ricard Llonch, que ha aconseguit la seva millor posici\u00f3 en aquest campionat, en ser 10\u00e8 classificat.<\/p>\n<p>La S\u00edlvia Ravetllat, la nostra representant femenina en a competici\u00f3, va aconseguir la 42a posici\u00f3, pujant al podi femen\u00ed. Salva Baguny\u00e0 va finalitzar 47\u00e8, Oriol Cornudella 48\u00e8 (amb 2 DNC i un 3r, ja que dissabte va fer la presentaci\u00f3 de la part esportiva de l\u2019Assemblea de socis coma comodor del club) i Jordi Carbonell 52\u00e8.<\/p>\n<p>Felicitats m\u00e0sters, seguiu en plena forma!!<\/p>\n<p><img loading=\"lazy\" decoding=\"async\" src=\"https:\/\/www.cnelbalis.com\/wp-content\/uploads\/vj-w\/-i\/60.jpg\" alt=\"60\" width=\"640\" height=\"426\" class=\"aligncenter size-full wp-image-5818\" \/><\/p>\n","protected":false},"excerpt":{"rendered":"<p>Xavier Boluda ha estat 8\u00e8 i Ricard Llonch 10\u00e8. Calella ha acollit a 100 regatistes m\u00e0sters de la classe L\u00e0ser que durant 3 dies han disputat l&#8217;Euro L\u00e0ser M\u00e0sters Cup -Trofeu Calella de Palafrugell- Memorial Pitus Jim\u00e9nez, en el que s\u2019han pogut c\u00f3rrer 3 proves que es van celebrar dissabte. Xavier Boluda ha estat el [&hellip;]<\/p>\n","protected":false},"author":1,"featured_media":2909,"comment_status":"open","ping_status":"open","sticky":false,"template":"","format":"standard","meta":{"footnotes":""},"categories":[782],"tags":[],"class_list":["post-28665","post","type-post","status-publish","format-standard","has-post-thumbnail","hentry","category-esport"],"acf":[],"_links":{"self":[{"href":"https:\/\/www.cnelbalis.com\/ca\/wp-json\/wp\/v2\/posts\/28665","targetHints":{"allow":["GET"]}}],"collection":[{"href":"https:\/\/www.cnelbalis.com\/ca\/wp-json\/wp\/v2\/posts"}],"about":[{"href":"https:\/\/www.cnelbalis.com\/ca\/wp-json\/wp\/v2\/types\/post"}],"author":[{"embeddable":true,"href":"https:\/\/www.cnelbalis.com\/ca\/wp-json\/wp\/v2\/users\/1"}],"replies":[{"embeddable":true,"href":"https:\/\/www.cnelbalis.com\/ca\/wp-json\/wp\/v2\/comments?post=28665"}],"version-history":[{"count":1,"href":"https:\/\/www.cnelbalis.com\/ca\/wp-json\/wp\/v2\/posts\/28665\/revisions"}],"predecessor-version":[{"id":30655,"href":"https:\/\/www.cnelbalis.com\/ca\/wp-json\/wp\/v2\/posts\/28665\/revisions\/30655"}],"wp:featuredmedia":[{"embeddable":true,"href":"https:\/\/www.cnelbalis.com\/ca\/wp-json\/wp\/v2\/media\/2909"}],"wp:attachment":[{"href":"https:\/\/www.cnelbalis.com\/ca\/wp-json\/wp\/v2\/media?parent=28665"}],"wp:term":[{"taxonomy":"category","embeddable":true,"href":"https:\/\/www.cnelbalis.com\/ca\/wp-json\/wp\/v2\/categories?post=28665"},{"taxonomy":"post_tag","embeddable":true,"href":"https:\/\/www.cnelbalis.com\/ca\/wp-json\/wp\/v2\/tags?post=28665"}],"curies":[{"name":"wp","href":"https:\/\/api.w.org\/{rel}","templated":true}]}}