{"id":28664,"date":"2014-04-15T08:06:38","date_gmt":"2014-04-15T06:06:38","guid":{"rendered":"https:\/\/club.cnelbalis.com\/cometa-a-dos-2n-a-la-petrolera\/"},"modified":"2022-06-24T08:57:41","modified_gmt":"2022-06-24T06:57:41","slug":"cometa-a-dos-2n-a-la-petrolera","status":"publish","type":"post","link":"https:\/\/www.cnelbalis.com\/ca\/cometa-a-dos-2n-a-la-petrolera\/","title":{"rendered":"Cometa A dos 2n a La Petrolera"},"content":{"rendered":"<p>La regata, que enguany ha celebrat la 15a edici\u00f3. Les excepcionals condicions de vent han fet d&#8217;aquesta edici\u00f3 la m\u00e9s r\u00e0pida de la seva hist\u00f2ria. <\/p>\n<p>Les condicions de vent han estat excepcionals i \u00f2ptimes amb ratxes que han arribat fins als 35 nusos i onades, a la zona de la plataforma petrol\u00edfera, de 2 metres d&#8217;al\u00e7ada. La baixada fins a la plataforma Casablanca ha estat molt r\u00e0pida i les primeres embarcacions l&#8217;han virat de matinada. A partir de la sortida del Sol el vent va anar caient fins que al voltant de les 8:30h ha entrat una encalmada que ha perjudicat els velers que han quedat m\u00e9s endarrerits.<\/p>\n<p>El Bal\u00eds ha estat representat per dues embarcaions que han fet molt bon paper: Cometa A dos, patronejat pel nostre regatista Xavier Rocas i acompanyat per Manel Jen\u00e9, ha finalitzat en 2a posici\u00f3 a la classe A2,amb un total de temps invertit de 13h. i 22min. Zig Zag, patronejat per Joan S\u00e1nchez i acompanyat per Alfredo Saenger, han finalitzat en 9a posici\u00f3, despr\u00e9s de invertir 15h. i 44min.<br \/>\nFelicitats Xavier i Manel per aquest nou  podi en el circuit d\u2019altura A Dos!\u2003<\/p>\n<p><img loading=\"lazy\" decoding=\"async\" src=\"https:\/\/www.cnelbalis.com\/wp-content\/uploads\/vj-w\/-i\/59.jpg\" alt=\"59\" width=\"640\" height=\"480\" class=\"aligncenter size-full wp-image-5820\" \/><\/p>\n","protected":false},"excerpt":{"rendered":"<p>La regata, que enguany ha celebrat la 15a edici\u00f3. Les excepcionals condicions de vent han fet d&#8217;aquesta edici\u00f3 la m\u00e9s r\u00e0pida de la seva hist\u00f2ria. Les condicions de vent han estat excepcionals i \u00f2ptimes amb ratxes que han arribat fins als 35 nusos i onades, a la zona de la plataforma petrol\u00edfera, de 2 metres [&hellip;]<\/p>\n","protected":false},"author":1,"featured_media":6039,"comment_status":"open","ping_status":"open","sticky":false,"template":"","format":"standard","meta":{"footnotes":""},"categories":[782],"tags":[],"class_list":["post-28664","post","type-post","status-publish","format-standard","has-post-thumbnail","hentry","category-esport"],"acf":[],"_links":{"self":[{"href":"https:\/\/www.cnelbalis.com\/ca\/wp-json\/wp\/v2\/posts\/28664","targetHints":{"allow":["GET"]}}],"collection":[{"href":"https:\/\/www.cnelbalis.com\/ca\/wp-json\/wp\/v2\/posts"}],"about":[{"href":"https:\/\/www.cnelbalis.com\/ca\/wp-json\/wp\/v2\/types\/post"}],"author":[{"embeddable":true,"href":"https:\/\/www.cnelbalis.com\/ca\/wp-json\/wp\/v2\/users\/1"}],"replies":[{"embeddable":true,"href":"https:\/\/www.cnelbalis.com\/ca\/wp-json\/wp\/v2\/comments?post=28664"}],"version-history":[{"count":1,"href":"https:\/\/www.cnelbalis.com\/ca\/wp-json\/wp\/v2\/posts\/28664\/revisions"}],"predecessor-version":[{"id":30654,"href":"https:\/\/www.cnelbalis.com\/ca\/wp-json\/wp\/v2\/posts\/28664\/revisions\/30654"}],"wp:featuredmedia":[{"embeddable":true,"href":"https:\/\/www.cnelbalis.com\/ca\/wp-json\/wp\/v2\/media\/6039"}],"wp:attachment":[{"href":"https:\/\/www.cnelbalis.com\/ca\/wp-json\/wp\/v2\/media?parent=28664"}],"wp:term":[{"taxonomy":"category","embeddable":true,"href":"https:\/\/www.cnelbalis.com\/ca\/wp-json\/wp\/v2\/categories?post=28664"},{"taxonomy":"post_tag","embeddable":true,"href":"https:\/\/www.cnelbalis.com\/ca\/wp-json\/wp\/v2\/tags?post=28664"}],"curies":[{"name":"wp","href":"https:\/\/api.w.org\/{rel}","templated":true}]}}