{"id":28663,"date":"2014-04-15T08:04:48","date_gmt":"2014-04-15T06:04:48","guid":{"rendered":"https:\/\/club.cnelbalis.com\/ferran-cornudella-campio-a-les-bruixes\/"},"modified":"2022-06-24T08:57:41","modified_gmt":"2022-06-24T06:57:41","slug":"ferran-cornudella-campio-a-les-bruixes","status":"publish","type":"post","link":"https:\/\/www.cnelbalis.com\/ca\/ferran-cornudella-campio-a-les-bruixes\/","title":{"rendered":"Ferran Cornudella campi\u00f3 a Les Bruixes"},"content":{"rendered":"<p>El cap de setmana del 12 i 13 d\u2019abril els windsurf de El Bal\u00eds han participat al Trofeu Les Bruixes, en aig\u00fces del Club Mar\u00edtim Altafulla. Dissabte, el llevant ha propiciat la disputa de tres m\u00e0negues i, diumenge, un garb\u00ed de 8-10 nusos va permetre a la flota de El Bal\u00eds millorar els seus resultats.<\/p>\n<p>La Flota WSB hi ha pres part amb els sub-17 Marc Barrachina Nadal, Ferran Cornudella Sol\u00e9, Dani Cort\u00e9s Casas, Mart\u00ed Serr\u00e0 Cornudella i J\u00falia G\u00f3mez Bruy. \u00d2scar Garcia Garcia ha estat el represnentatn del club a la classe RS:X.<\/p>\n<p>Ferran Cornudella Sol\u00e9 ha estat el 1r classificat a la regata, empatat amb el 2n classificat: Ignasi Segado Ulied; la tercera posici\u00f3 ha estat per Ferran Garcia Querol.<br \/>\nL&#8217;Oscar en RS:X va quedar 2n (tot i que a la classificaci\u00f3 s\u2019agrup\u00e9s RS:X i raceboard). <\/p>\n<p>L\u2019Alex de Cortada, l\u2019entrenador de l\u2019equip s\u2019ha mostrata \u201cmolt content amb el progr\u00e9s que tenen el Mart\u00ed Serr\u00e0 i la J\u00falia G\u00f3mez, per portar navegant des del Setembre no est\u00e0 gens malament com es van saber defensar al campionat. Mentre que el Dani i el Marc es van mantenir en la seva l\u00ednia&#8230; per\u00f2 ho van fer prou b\u00e9\u201d\u2003<\/p>\n<p><img loading=\"lazy\" decoding=\"async\" src=\"https:\/\/www.cnelbalis.com\/wp-content\/uploads\/vj-w\/-i\/58.jpg\" alt=\"58\" width=\"640\" height=\"360\" class=\"aligncenter size-full wp-image-5807\" \/><\/p>\n","protected":false},"excerpt":{"rendered":"<p>El cap de setmana del 12 i 13 d\u2019abril els windsurf de El Bal\u00eds han participat al Trofeu Les Bruixes, en aig\u00fces del Club Mar\u00edtim Altafulla. Dissabte, el llevant ha propiciat la disputa de tres m\u00e0negues i, diumenge, un garb\u00ed de 8-10 nusos va permetre a la flota de El Bal\u00eds millorar els seus resultats. [&hellip;]<\/p>\n","protected":false},"author":1,"featured_media":6034,"comment_status":"open","ping_status":"open","sticky":false,"template":"","format":"standard","meta":{"footnotes":""},"categories":[782],"tags":[],"class_list":["post-28663","post","type-post","status-publish","format-standard","has-post-thumbnail","hentry","category-esport"],"acf":[],"_links":{"self":[{"href":"https:\/\/www.cnelbalis.com\/ca\/wp-json\/wp\/v2\/posts\/28663","targetHints":{"allow":["GET"]}}],"collection":[{"href":"https:\/\/www.cnelbalis.com\/ca\/wp-json\/wp\/v2\/posts"}],"about":[{"href":"https:\/\/www.cnelbalis.com\/ca\/wp-json\/wp\/v2\/types\/post"}],"author":[{"embeddable":true,"href":"https:\/\/www.cnelbalis.com\/ca\/wp-json\/wp\/v2\/users\/1"}],"replies":[{"embeddable":true,"href":"https:\/\/www.cnelbalis.com\/ca\/wp-json\/wp\/v2\/comments?post=28663"}],"version-history":[{"count":1,"href":"https:\/\/www.cnelbalis.com\/ca\/wp-json\/wp\/v2\/posts\/28663\/revisions"}],"predecessor-version":[{"id":30653,"href":"https:\/\/www.cnelbalis.com\/ca\/wp-json\/wp\/v2\/posts\/28663\/revisions\/30653"}],"wp:featuredmedia":[{"embeddable":true,"href":"https:\/\/www.cnelbalis.com\/ca\/wp-json\/wp\/v2\/media\/6034"}],"wp:attachment":[{"href":"https:\/\/www.cnelbalis.com\/ca\/wp-json\/wp\/v2\/media?parent=28663"}],"wp:term":[{"taxonomy":"category","embeddable":true,"href":"https:\/\/www.cnelbalis.com\/ca\/wp-json\/wp\/v2\/categories?post=28663"},{"taxonomy":"post_tag","embeddable":true,"href":"https:\/\/www.cnelbalis.com\/ca\/wp-json\/wp\/v2\/tags?post=28663"}],"curies":[{"name":"wp","href":"https:\/\/api.w.org\/{rel}","templated":true}]}}