{"id":28662,"date":"2014-04-23T08:00:24","date_gmt":"2014-04-23T06:00:24","guid":{"rendered":"https:\/\/club.cnelbalis.com\/bru-lopez-pi-suner-i-rovira-campions-despanya-per-equips\/"},"modified":"2022-06-24T08:57:41","modified_gmt":"2022-06-24T06:57:41","slug":"bru-lopez-pi-suner-i-rovira-campions-despanya-per-equips","status":"publish","type":"post","link":"https:\/\/www.cnelbalis.com\/ca\/bru-lopez-pi-suner-i-rovira-campions-despanya-per-equips\/","title":{"rendered":"Br\u00fa, L\u00f3pez, Pi-Su\u00f1er i Rovira Campions d\u2019Espanya per equips"},"content":{"rendered":"<p>La celebraci\u00f3 del Campionat d\u2019Espanya de la classe 420 ha acollit la participaci\u00f3 de 4 tripulacions de El Bal\u00eds entre les 75 vingudes de tot el litoral espanyol. <\/p>\n<p>En general ha estat un campionat amb condicions de vent dif\u00edcils per a la nostra flota, amb fortes variacions de la intensitat vent durant les proves celebrades. <\/p>\n<p>Franc Br\u00fa i Nil L\u00f3pez han estat els millors classificats del nostre club, aconseguint el 20\u00e8 lloc a la classificaci\u00f3 general. Willy Pi-Su\u00f1er i Sigfrid Rovira han estat 26ens; Daniel Vidal i Oscar Vidal han estat 34ens; Eduard Boneta i Albert Tell 57ens i les f\u00e8mines Francesca Alegre i Loreto Llobet, 69es.<\/p>\n<p>L\u2019\u00faltim dia del campionat es va celebrar el Campionat d\u2019Espanya per Equips Auton\u00f2mics, del que Franc Br\u00fa i Nil L\u00f3pez i tamb\u00e9 Willy Pi-Su\u00f1er i Sigfrid Rovira en van formar part, aconseguint la vict\u00f2ria per a Catalunya, despr\u00e9s d\u2019una final molt ajustada contra Galicia.<\/p>\n<p><img loading=\"lazy\" decoding=\"async\" src=\"https:\/\/www.cnelbalis.com\/wp-content\/uploads\/vj-w\/-i\/57.jpg\" alt=\"57\" width=\"640\" height=\"369\" class=\"aligncenter size-full wp-image-5805\" \/><\/p>\n","protected":false},"excerpt":{"rendered":"<p>La celebraci\u00f3 del Campionat d\u2019Espanya de la classe 420 ha acollit la participaci\u00f3 de 4 tripulacions de El Bal\u00eds entre les 75 vingudes de tot el litoral espanyol. En general ha estat un campionat amb condicions de vent dif\u00edcils per a la nostra flota, amb fortes variacions de la intensitat vent durant les proves celebrades. [&hellip;]<\/p>\n","protected":false},"author":1,"featured_media":6026,"comment_status":"open","ping_status":"open","sticky":false,"template":"","format":"standard","meta":{"footnotes":""},"categories":[782],"tags":[],"class_list":["post-28662","post","type-post","status-publish","format-standard","has-post-thumbnail","hentry","category-esport"],"acf":[],"_links":{"self":[{"href":"https:\/\/www.cnelbalis.com\/ca\/wp-json\/wp\/v2\/posts\/28662","targetHints":{"allow":["GET"]}}],"collection":[{"href":"https:\/\/www.cnelbalis.com\/ca\/wp-json\/wp\/v2\/posts"}],"about":[{"href":"https:\/\/www.cnelbalis.com\/ca\/wp-json\/wp\/v2\/types\/post"}],"author":[{"embeddable":true,"href":"https:\/\/www.cnelbalis.com\/ca\/wp-json\/wp\/v2\/users\/1"}],"replies":[{"embeddable":true,"href":"https:\/\/www.cnelbalis.com\/ca\/wp-json\/wp\/v2\/comments?post=28662"}],"version-history":[{"count":1,"href":"https:\/\/www.cnelbalis.com\/ca\/wp-json\/wp\/v2\/posts\/28662\/revisions"}],"predecessor-version":[{"id":30652,"href":"https:\/\/www.cnelbalis.com\/ca\/wp-json\/wp\/v2\/posts\/28662\/revisions\/30652"}],"wp:featuredmedia":[{"embeddable":true,"href":"https:\/\/www.cnelbalis.com\/ca\/wp-json\/wp\/v2\/media\/6026"}],"wp:attachment":[{"href":"https:\/\/www.cnelbalis.com\/ca\/wp-json\/wp\/v2\/media?parent=28662"}],"wp:term":[{"taxonomy":"category","embeddable":true,"href":"https:\/\/www.cnelbalis.com\/ca\/wp-json\/wp\/v2\/categories?post=28662"},{"taxonomy":"post_tag","embeddable":true,"href":"https:\/\/www.cnelbalis.com\/ca\/wp-json\/wp\/v2\/tags?post=28662"}],"curies":[{"name":"wp","href":"https:\/\/api.w.org\/{rel}","templated":true}]}}