{"id":28660,"date":"2014-04-30T07:49:06","date_gmt":"2014-04-30T05:49:06","guid":{"rendered":"https:\/\/club.cnelbalis.com\/europeu-de-techno-293\/"},"modified":"2022-06-24T08:57:41","modified_gmt":"2022-06-24T06:57:41","slug":"europeu-de-techno-293","status":"publish","type":"post","link":"https:\/\/www.cnelbalis.com\/ca\/europeu-de-techno-293\/","title":{"rendered":"Europeu de Techno 293"},"content":{"rendered":"<p>Ferran Cornudella \u00e9s 9\u00e8 al grup plata<\/p>\n<p>En Josep Cornudella ens explica on s\u2019ha desenvolupat la competici\u00f3: \u201cL\u2019aigua del llac que banya el poble s\u2019afina i fa un mirall preci\u00f3s que reflecteix, en contrast amb els ganivets del pel\u00e8r, la calidesa de la primera llum. A partir de quarts d\u2019una, el terral s\u2019amaga i, despr\u00e9s d\u2019un lapse de calma, s\u2019aviva l\u2019\u00f2ra, l\u2019aire del sud, que acoloreix la badia tota la tarda. \u00c9s aleshores quan les aig\u00fces lacustres, empeses pel migjorn, s\u2019encasten contra la riba de Torbole i, sense escapat\u00f2ria, s\u2019arrissen i fan les onades que no s\u2019hi veuen al mat\u00ed. L\u2019\u00f2ra \u00e9s m\u00e9s vigor\u00f3s que el vent del nord i regala als windsurfistes compassos de vint nusos prou ben sostinguts.<\/p>\n<p>En aquest espl\u00e8ndid escenari per als practicants de l\u2019aparell lliure s\u2019han disputat els Campionats d\u2019Europa de Techno 293 en les categories sub-15, sub-17 i Techno Plus (sub-19). Amb una inscripci\u00f3 de m\u00e9s de tres-cents patrons, entre homes i dones, la competici\u00f3 s\u2019ha fet en aig\u00fces del Circolo Surf Torbole, a Torbole sul Garda, entre un 21 i un 27 d\u2019abril del 2014 amb fred i calor, sol i pluja.\u201d <\/p>\n<p>Despr\u00e9s de 5 regates de classificat\u00f2ries, en Ferran es va situar en el grup plata. Les seg\u00fcents 4 proves el van situar en el top ten del seu grup. Un bon resultat per la primera macro regata del nostre windsurfista. De ben segur que ha guanyat molta experi\u00e8ncia i s\u2019end\u00fa a casa ganes de treballar i seguir entrenant.<\/p>\n<p>En Ferran \u201cs\u2019ha vist desbordat pel tr\u00e0nsit del llac i no ha tingut prou convenciment per lluitar contra l\u2019abordatge d\u2019uns regatistes m\u00e9s experts, tot i que no ha arriat veles en cap moment de la competici\u00f3. Els parcials del jove barcelon\u00ed (34, 36, 25, 38 i 52, en les m\u00e0negues de qualificaci\u00f3, i 15, 9, 17 i 21, en les finals) l\u2019han condu\u00eft a la novena posici\u00f3 absoluta del seu grup. Un top ten sense recompensa, per\u00f2 prou alli\u00e7onador per a la millora d\u2019un bon esportista.\u201d<\/p>\n<p>Felicitats Ferran.\u2003<\/p>\n<p><img loading=\"lazy\" decoding=\"async\" src=\"https:\/\/www.cnelbalis.com\/wp-content\/uploads\/vj-w\/-i\/52.jpg\" alt=\"52\" width=\"640\" height=\"426\" class=\"aligncenter size-full wp-image-5787\" \/><\/p>\n","protected":false},"excerpt":{"rendered":"<p>Ferran Cornudella \u00e9s 9\u00e8 al grup plata En Josep Cornudella ens explica on s\u2019ha desenvolupat la competici\u00f3: \u201cL\u2019aigua del llac que banya el poble s\u2019afina i fa un mirall preci\u00f3s que reflecteix, en contrast amb els ganivets del pel\u00e8r, la calidesa de la primera llum. A partir de quarts d\u2019una, el terral s\u2019amaga i, despr\u00e9s [&hellip;]<\/p>\n","protected":false},"author":1,"featured_media":2896,"comment_status":"open","ping_status":"open","sticky":false,"template":"","format":"standard","meta":{"footnotes":""},"categories":[782,23],"tags":[],"class_list":["post-28660","post","type-post","status-publish","format-standard","has-post-thumbnail","hentry","category-esport","category-vela"],"acf":[],"_links":{"self":[{"href":"https:\/\/www.cnelbalis.com\/ca\/wp-json\/wp\/v2\/posts\/28660","targetHints":{"allow":["GET"]}}],"collection":[{"href":"https:\/\/www.cnelbalis.com\/ca\/wp-json\/wp\/v2\/posts"}],"about":[{"href":"https:\/\/www.cnelbalis.com\/ca\/wp-json\/wp\/v2\/types\/post"}],"author":[{"embeddable":true,"href":"https:\/\/www.cnelbalis.com\/ca\/wp-json\/wp\/v2\/users\/1"}],"replies":[{"embeddable":true,"href":"https:\/\/www.cnelbalis.com\/ca\/wp-json\/wp\/v2\/comments?post=28660"}],"version-history":[{"count":1,"href":"https:\/\/www.cnelbalis.com\/ca\/wp-json\/wp\/v2\/posts\/28660\/revisions"}],"predecessor-version":[{"id":30650,"href":"https:\/\/www.cnelbalis.com\/ca\/wp-json\/wp\/v2\/posts\/28660\/revisions\/30650"}],"wp:featuredmedia":[{"embeddable":true,"href":"https:\/\/www.cnelbalis.com\/ca\/wp-json\/wp\/v2\/media\/2896"}],"wp:attachment":[{"href":"https:\/\/www.cnelbalis.com\/ca\/wp-json\/wp\/v2\/media?parent=28660"}],"wp:term":[{"taxonomy":"category","embeddable":true,"href":"https:\/\/www.cnelbalis.com\/ca\/wp-json\/wp\/v2\/categories?post=28660"},{"taxonomy":"post_tag","embeddable":true,"href":"https:\/\/www.cnelbalis.com\/ca\/wp-json\/wp\/v2\/tags?post=28660"}],"curies":[{"name":"wp","href":"https:\/\/api.w.org\/{rel}","templated":true}]}}