{"id":28659,"date":"2014-04-30T07:41:05","date_gmt":"2014-04-30T05:41:05","guid":{"rendered":"https:\/\/club.cnelbalis.com\/g2-subcampions-de-catalunya\/"},"modified":"2022-06-24T08:57:39","modified_gmt":"2022-06-24T06:57:39","slug":"g2-subcampions-de-catalunya","status":"publish","type":"post","link":"https:\/\/www.cnelbalis.com\/ca\/g2-subcampions-de-catalunya\/","title":{"rendered":"G2: Subcampions de Catalunya!"},"content":{"rendered":"<p>2 d\u00edas a tope de emociones, as\u00ed lo vivi\u00f3 el equipo que represent\u00f3 al Grupo 2 del CN El Bal\u00eds durante el Campeonato de Catalu\u00f1a x equipos que se llev\u00f3 a cabo en Torredembarra el 26 y 27 de Abril.<br \/>\nEl equipo:<br \/>\nNIL SERR\u00c0 CORNUDELLA (CAPIT\u00c1N)<br \/>\nCARLOS DE FRANCISCO<br \/>\nPAU LLIBRE<br \/>\nCARLOS CALIC\u00d3<br \/>\nMAR GARC\u00cdA<br \/>\nCoach: AINA GELP\u00cd<\/p>\n<p>S\u00c1BADO 26: COMIENZA CON UN ROUND ROBIN COMPLETO<br \/>\nCon un excelente roundrobin de 6 regatas ganadas y tan s\u00f3lo 1 perdida, el equipo de El Bal\u00eds de grupo 2 se sit\u00faa 1\u00ba!!<br \/>\nDomingo se celebraban las semifinales al mejor de 3 contra Altafulla (4). La otra semifinal Arenys (3) vs Masnou (2).<\/p>\n<p>DOMINGO 27: D\u00cdA DE SEMIS Y FINALES<br \/>\nEl equipo de Balis g2 pas\u00f3 a la final despu\u00e9s de ganar a Altafulla 2-0 en semifinales. La otra semifinal, entre Arenys y Masnou fue a manos de Arenys.<br \/>\nFinalmente, el equipo de Balis del grupo2 qued\u00f3 subcampe\u00f3n de Catalunya de por equipos! Enhorabuena  al equipo, entrenadora y todo el G2 y G1 que han trabajado y entrenado duramente para que el equipo llegue tan alto y nos represente tan bien!<br \/>\nNo se pudo vencer al equipo de CN Arenys de Mar, un justo campe\u00f3n, aunque la \u00faltima prueba fue muy re\u00f1ida!<br \/>\nFelicidades tambi\u00e9n al equipo campe\u00f3n, C.N. Arenys de mar<\/p>\n<p>PALABRAS LA ENTRENADORA AINA GELP\u00cd AL FINALIZAR EL CAMPEONATO:<br \/>\n\u201cAquest ha sigut un molt bon cap de setmana, on hem fet realment pinya tan a terra com a mar, prioritzant en primer lloc el disfrutar del joc en equip  (agrae\u00efxo molt l\u2019aportaci\u00f3 i suport dels team leaders David Llibre i V\u00edctor de Francisco, aix\u00ed com la N\u00faria i el Xavi).<\/p>\n<p>Les condicions meteorol\u00f2giques ens han acompanyat ambd\u00f3s dies, podent completar tots i cadascun dels encontres establerts, tot i que la inestabilitat del vent dificultava la gesti\u00f3 de la estrat\u00e8gia, necessitant variar-la, amb encert, molt sovint.<\/p>\n<p>Hem disfrutat molt, rient a moments per\u00f2 tamb\u00e9 aguantant la pressi\u00f3 i concentraci\u00f3, lluitant sempre fins al final, que no era f\u00e0cil\u2026 fins aconseguir la segona posici\u00f3 en el campionat!!!<\/p>\n<p>Estic conven\u00e7uda que la victoria correspon a tot el grup (nens, nenes, pares, mares, t\u00e8cnics, \u00e0rea esportiva\u2026) gr\u00e0cies a tots pel suport!\u201d<\/p>\n<p>FELICATS EQUIP!!!! BONA FEINA!!!<\/p>\n<p><img loading=\"lazy\" decoding=\"async\" src=\"https:\/\/www.cnelbalis.com\/wp-content\/uploads\/vj-w\/-i\/51.jpg\" alt=\"51\" width=\"600\" height=\"450\" class=\"aligncenter size-full wp-image-5785\" \/><\/p>\n","protected":false},"excerpt":{"rendered":"<p>2 d\u00edas a tope de emociones, as\u00ed lo vivi\u00f3 el equipo que represent\u00f3 al Grupo 2 del CN El Bal\u00eds durante el Campeonato de Catalu\u00f1a x equipos que se llev\u00f3 a cabo en Torredembarra el 26 y 27 de Abril. El equipo: NIL SERR\u00c0 CORNUDELLA (CAPIT\u00c1N) CARLOS DE FRANCISCO PAU LLIBRE CARLOS CALIC\u00d3 MAR GARC\u00cdA [&hellip;]<\/p>\n","protected":false},"author":1,"featured_media":2891,"comment_status":"open","ping_status":"open","sticky":false,"template":"","format":"standard","meta":{"footnotes":""},"categories":[782],"tags":[],"class_list":["post-28659","post","type-post","status-publish","format-standard","has-post-thumbnail","hentry","category-esport"],"acf":[],"_links":{"self":[{"href":"https:\/\/www.cnelbalis.com\/ca\/wp-json\/wp\/v2\/posts\/28659","targetHints":{"allow":["GET"]}}],"collection":[{"href":"https:\/\/www.cnelbalis.com\/ca\/wp-json\/wp\/v2\/posts"}],"about":[{"href":"https:\/\/www.cnelbalis.com\/ca\/wp-json\/wp\/v2\/types\/post"}],"author":[{"embeddable":true,"href":"https:\/\/www.cnelbalis.com\/ca\/wp-json\/wp\/v2\/users\/1"}],"replies":[{"embeddable":true,"href":"https:\/\/www.cnelbalis.com\/ca\/wp-json\/wp\/v2\/comments?post=28659"}],"version-history":[{"count":1,"href":"https:\/\/www.cnelbalis.com\/ca\/wp-json\/wp\/v2\/posts\/28659\/revisions"}],"predecessor-version":[{"id":30649,"href":"https:\/\/www.cnelbalis.com\/ca\/wp-json\/wp\/v2\/posts\/28659\/revisions\/30649"}],"wp:featuredmedia":[{"embeddable":true,"href":"https:\/\/www.cnelbalis.com\/ca\/wp-json\/wp\/v2\/media\/2891"}],"wp:attachment":[{"href":"https:\/\/www.cnelbalis.com\/ca\/wp-json\/wp\/v2\/media?parent=28659"}],"wp:term":[{"taxonomy":"category","embeddable":true,"href":"https:\/\/www.cnelbalis.com\/ca\/wp-json\/wp\/v2\/categories?post=28659"},{"taxonomy":"post_tag","embeddable":true,"href":"https:\/\/www.cnelbalis.com\/ca\/wp-json\/wp\/v2\/tags?post=28659"}],"curies":[{"name":"wp","href":"https:\/\/api.w.org\/{rel}","templated":true}]}}