{"id":28658,"date":"2014-06-03T10:59:10","date_gmt":"2014-06-03T08:59:10","guid":{"rendered":"https:\/\/club.cnelbalis.com\/albert-gelpi-subcampio-i-alex-bru-bronze-a-catalunya\/"},"modified":"2022-06-24T08:57:39","modified_gmt":"2022-06-24T06:57:39","slug":"albert-gelpi-subcampio-i-alex-bru-bronze-a-catalunya","status":"publish","type":"post","link":"https:\/\/www.cnelbalis.com\/ca\/albert-gelpi-subcampio-i-alex-bru-bronze-a-catalunya\/","title":{"rendered":"Albert Gelp\u00ed subcampi\u00f3 i Alex Br\u00fa bronze a Catalunya"},"content":{"rendered":"<p>Mar Garc\u00eda guanya el trofeu a la primera f\u00e8mina del Grup2.<\/p>\n<p>Dels resultats  del campionat de Catalunya en surten 4 regatistes i una entrenadora representant a El Bal\u00eds en el Campionat d\u2019Espanya de la classe Optimist.<\/p>\n<p>Despr\u00e9s de dos caps de setmana de regata al Club N\u00e0utic Arenys de Mar, Albert Gelp\u00ed i Alex Br\u00fa han pujat al podi absolut del Campionat de Catalunya. La mar Garc\u00eda ho ha fet per penjar-se la medalla a la millor f\u00e8mina del Grup 2.<\/p>\n<p>El primer dissabte de competici\u00f3 es van poder c\u00f3rrer 4 proves \u201cprovisionalmente tenemos a Alex Br\u00fa 3\u00ba, comenzando el campeonato con un gran1\u00ba y seguido de  31-4-10 de parciales.  Elia Miquel va 6\u00aa con 16-6-27-3. Albert con excelentes pruebas 3-3-2 y un BFD que al no entrar aun el descarte, lo relegan al 17\u00ba lugar\u201d. L\u2019endem\u00e0 l\u2019espera d\u2019un vent que no va arrivar va ser protagonista en el campionat.<\/p>\n<p>El segon cap de setmana es van disputar un total de 4 proves m\u00e9s amb vents de sud. Cal destacar la lluita en les tres \u00fatlimes proves que Edu Ferrer (CMA), Albert Gelp\u00ed i Alex Br\u00fa, van protagonitzar, lluitant per aconseguir la primera pla\u00e7a en el podi.<\/p>\n<p>\u201cPor otro lado, Elia Miquel en un muy buen campeonato tambi\u00e9n luchando por el f\u00e9mina, finalmente no pudo ser, quedando 2\u00aa ni\u00f1a y 10 de la general, buena regata Elia!<br \/>\nEsta vez Elisenda Rahola Codina y Marc Tello Pons, si bien han peleado hasta el final, no han podido entrar en la selecci\u00f3n catalana. Pero lo han dado todo y tendr\u00e9is revancha la temporada que viene. Asi que mucho \u00e1nimo y un orgullo para Oscar y Magda entrenarlos!!<br \/>\nAsi es que nuestros 4 regatistas que nos representan en el campeonato de Espa\u00f1a son Albert Gelp\u00ed, Alex Br\u00fa, Elia Miquel y Arnau Gelp\u00ed, junto a la que escribe, Magda en calidad de entrenadora de la Selecci\u00f3n Catalana.\u201d Comenta la Magda Resano<\/p>\n<p>El resto de nuestros regatistas de Grupo 1:<br \/>\n2\u00ba)  ALBERT GELP\u00cd (2\u00ba A)<br \/>\n3\u00ba)  ALEX BR\u00da (3\u00ba A)<br \/>\n10\u00ba) ELIA MIQUEL<br \/>\n22\u00ba) MARIONA RAHOLA<br \/>\n24\u00ba) ARNAU GELP\u00cd<br \/>\n26\u00ba) SEBASTI\u00c1N RIQUELME<br \/>\n31\u00ba) NICO BORR\u00c1S<br \/>\n35\u00ba) NORA LASURT<br \/>\n39\u00ba) NACHO BEN\u00cdTEZ<br \/>\n44\u00ba) ELI RAHOLA<br \/>\n45\u00ba) M\u00d3NICA VEENHOVEN<br \/>\n54\u00ba) HELENA PRU\u00d1ONOSA<br \/>\n57\u00ba) MARC TELLO<br \/>\n68\u00ba) GABI CORT\u00c9S<br \/>\n80\u00ba) YAGO MA\u00d1E<\/p>\n<p><img loading=\"lazy\" decoding=\"async\" src=\"https:\/\/www.cnelbalis.com\/wp-content\/uploads\/vj-w\/-i\/48.jpg\" alt=\"48\" width=\"640\" height=\"480\" class=\"aligncenter size-full wp-image-5755\" \/><\/p>\n","protected":false},"excerpt":{"rendered":"<p>Mar Garc\u00eda guanya el trofeu a la primera f\u00e8mina del Grup2. Dels resultats del campionat de Catalunya en surten 4 regatistes i una entrenadora representant a El Bal\u00eds en el Campionat d\u2019Espanya de la classe Optimist. Despr\u00e9s de dos caps de setmana de regata al Club N\u00e0utic Arenys de Mar, Albert Gelp\u00ed i Alex Br\u00fa [&hellip;]<\/p>\n","protected":false},"author":1,"featured_media":6016,"comment_status":"open","ping_status":"open","sticky":false,"template":"","format":"standard","meta":{"footnotes":""},"categories":[782],"tags":[],"class_list":["post-28658","post","type-post","status-publish","format-standard","has-post-thumbnail","hentry","category-esport"],"acf":[],"_links":{"self":[{"href":"https:\/\/www.cnelbalis.com\/ca\/wp-json\/wp\/v2\/posts\/28658","targetHints":{"allow":["GET"]}}],"collection":[{"href":"https:\/\/www.cnelbalis.com\/ca\/wp-json\/wp\/v2\/posts"}],"about":[{"href":"https:\/\/www.cnelbalis.com\/ca\/wp-json\/wp\/v2\/types\/post"}],"author":[{"embeddable":true,"href":"https:\/\/www.cnelbalis.com\/ca\/wp-json\/wp\/v2\/users\/1"}],"replies":[{"embeddable":true,"href":"https:\/\/www.cnelbalis.com\/ca\/wp-json\/wp\/v2\/comments?post=28658"}],"version-history":[{"count":1,"href":"https:\/\/www.cnelbalis.com\/ca\/wp-json\/wp\/v2\/posts\/28658\/revisions"}],"predecessor-version":[{"id":30648,"href":"https:\/\/www.cnelbalis.com\/ca\/wp-json\/wp\/v2\/posts\/28658\/revisions\/30648"}],"wp:featuredmedia":[{"embeddable":true,"href":"https:\/\/www.cnelbalis.com\/ca\/wp-json\/wp\/v2\/media\/6016"}],"wp:attachment":[{"href":"https:\/\/www.cnelbalis.com\/ca\/wp-json\/wp\/v2\/media?parent=28658"}],"wp:term":[{"taxonomy":"category","embeddable":true,"href":"https:\/\/www.cnelbalis.com\/ca\/wp-json\/wp\/v2\/categories?post=28658"},{"taxonomy":"post_tag","embeddable":true,"href":"https:\/\/www.cnelbalis.com\/ca\/wp-json\/wp\/v2\/tags?post=28658"}],"curies":[{"name":"wp","href":"https:\/\/api.w.org\/{rel}","templated":true}]}}