{"id":28656,"date":"2014-06-04T10:55:22","date_gmt":"2014-06-04T08:55:22","guid":{"rendered":"https:\/\/club.cnelbalis.com\/el-club-nautic-el-balis-presenta-leuropeu-de-j80-a-ivan-tibau\/"},"modified":"2022-06-24T08:57:38","modified_gmt":"2022-06-24T06:57:38","slug":"el-club-nautic-el-balis-presenta-leuropeu-de-j80-a-ivan-tibau","status":"publish","type":"post","link":"https:\/\/www.cnelbalis.com\/ca\/el-club-nautic-el-balis-presenta-leuropeu-de-j80-a-ivan-tibau\/","title":{"rendered":"El Club N\u00e0utic El Bal\u00eds presenta l\u2019Europeu de J80 a Ivan Tibau"},"content":{"rendered":"<p>El secretari general de l\u2019Esport felicita el club per la seva empenta organitzativa<\/p>\n<p>El secretari general de l\u2019Esport, Ivan Tibau, ha rebut aquest mat\u00ed els responsables del Club N\u00e0utic El Bal\u00eds, que li han presentat el Campionat d\u2019Europa de vela de la classe J80, un esdeveniment esportiu que reunir\u00e0 a aig\u00fces del Maresme barcelon\u00e8s, al municipi de Sant Andreu de Llavaneres, a quasi 350 esportistes d\u2019una quinzena de pa\u00efsos del 28 de juny al 4 de juliol.<\/p>\n<p>La reuni\u00f3, que s\u2019ha celebrat al Consell Catal\u00e0 de l\u2019Esport, ha comptat amb l\u2019assist\u00e8ncia del president del Club N\u00e0utic El Bal\u00eds, Jordi Par\u00e9s; el comodor, Oriol Cornudella, i el director general, Joan Moya.<br \/>\nPer al Club N\u00e0utic El Bal\u00eds, l\u2019organitzaci\u00f3 de l\u2019Europeu de J80 suposa donar un pas m\u00e9s en la internacionalitzaci\u00f3 de l\u2019esport catal\u00e0, encara que aquest any ja ha coordinat dues competicions internacionals, una regata del circuit EuroCup de 29er, de vela juvenil, i la MedSailing, una regata multiclasse que ha tingut prop de 500 participants.<\/p>\n<p>Ivan Tibau ha felicitat el Club N\u00e0utic El Bal\u00eds per ser uns dels clubs n\u00e0utics de refer\u00e8ncia i l\u2019ha animat a seguir treballant amb aquesta empenta organitzativa.<\/p>\n<p>En aquest sentit, el president del Club ha destacat que El Bal\u00eds t\u00e9 un gran reconeixement com a masia de la vela i que ha estat molt ben gestionat en els \u00faltims deu anys, tot i que \u201ccosta mantenir l\u2019assignaci\u00f3 de recursos\u201d<\/p>\n<p><img loading=\"lazy\" decoding=\"async\" src=\"https:\/\/www.cnelbalis.com\/wp-content\/uploads\/vj-w\/-i\/47.jpg\" alt=\"47\" width=\"640\" height=\"406\" class=\"aligncenter size-full wp-image-5746\" \/><\/p>\n","protected":false},"excerpt":{"rendered":"<p>El secretari general de l\u2019Esport felicita el club per la seva empenta organitzativa El secretari general de l\u2019Esport, Ivan Tibau, ha rebut aquest mat\u00ed els responsables del Club N\u00e0utic El Bal\u00eds, que li han presentat el Campionat d\u2019Europa de vela de la classe J80, un esdeveniment esportiu que reunir\u00e0 a aig\u00fces del Maresme barcelon\u00e8s, al [&hellip;]<\/p>\n","protected":false},"author":1,"featured_media":2876,"comment_status":"open","ping_status":"open","sticky":false,"template":"","format":"standard","meta":{"footnotes":""},"categories":[782],"tags":[],"class_list":["post-28656","post","type-post","status-publish","format-standard","has-post-thumbnail","hentry","category-esport"],"acf":[],"_links":{"self":[{"href":"https:\/\/www.cnelbalis.com\/ca\/wp-json\/wp\/v2\/posts\/28656","targetHints":{"allow":["GET"]}}],"collection":[{"href":"https:\/\/www.cnelbalis.com\/ca\/wp-json\/wp\/v2\/posts"}],"about":[{"href":"https:\/\/www.cnelbalis.com\/ca\/wp-json\/wp\/v2\/types\/post"}],"author":[{"embeddable":true,"href":"https:\/\/www.cnelbalis.com\/ca\/wp-json\/wp\/v2\/users\/1"}],"replies":[{"embeddable":true,"href":"https:\/\/www.cnelbalis.com\/ca\/wp-json\/wp\/v2\/comments?post=28656"}],"version-history":[{"count":1,"href":"https:\/\/www.cnelbalis.com\/ca\/wp-json\/wp\/v2\/posts\/28656\/revisions"}],"predecessor-version":[{"id":30646,"href":"https:\/\/www.cnelbalis.com\/ca\/wp-json\/wp\/v2\/posts\/28656\/revisions\/30646"}],"wp:featuredmedia":[{"embeddable":true,"href":"https:\/\/www.cnelbalis.com\/ca\/wp-json\/wp\/v2\/media\/2876"}],"wp:attachment":[{"href":"https:\/\/www.cnelbalis.com\/ca\/wp-json\/wp\/v2\/media?parent=28656"}],"wp:term":[{"taxonomy":"category","embeddable":true,"href":"https:\/\/www.cnelbalis.com\/ca\/wp-json\/wp\/v2\/categories?post=28656"},{"taxonomy":"post_tag","embeddable":true,"href":"https:\/\/www.cnelbalis.com\/ca\/wp-json\/wp\/v2\/tags?post=28656"}],"curies":[{"name":"wp","href":"https:\/\/api.w.org\/{rel}","templated":true}]}}