{"id":28651,"date":"2014-06-18T10:23:47","date_gmt":"2014-06-18T08:23:47","guid":{"rendered":"https:\/\/club.cnelbalis.com\/jaume-alcover-subcampio-de-catalunya-de-g3\/"},"modified":"2022-06-24T08:57:38","modified_gmt":"2022-06-24T06:57:38","slug":"jaume-alcover-subcampio-de-catalunya-de-g3","status":"publish","type":"post","link":"https:\/\/www.cnelbalis.com\/ca\/jaume-alcover-subcampio-de-catalunya-de-g3\/","title":{"rendered":"Jaume Alcover Subcampi\u00f3 de Catalunya de G3"},"content":{"rendered":"<p>Aquest cap de setmana s&#8217;ha disputat el Campionat de Catalunya d\u2019Optimist grup 3 a les aig\u00fces del Masnou. Ha sigut un bon campionat, amb un camp dif\u00edcil, dissabte amb llevant d&#8217;intensitat variable (4-12 Nusos) i diumenge un Garb\u00ed que semblava establert, per\u00f2 que tamb\u00e9 va jugar en intensitat i direcci\u00f3.<\/p>\n<p>S&#8217;han pogut realitzar les 6 proves programades i els nostres joves regatistes han demostrat les seves ganes de navegar i competir.<\/p>\n<p>Destacar a Jaume Alcover que amb 9 anys ha finalitzat en 2ona posici\u00f3 de la General i Primer de la Categoria C.<br \/>\nLucas Garc\u00eda 21\u00e9 general, 9\u00e9 de la categoria C<br \/>\nElisabeth Comas Vert  34ena<br \/>\nMax Garc\u00eda-Tu\u00f1on  36\u00e9<br \/>\nGuim Carulla  63\u00e9<\/p>\n<p>I les valentes Eva Piris, N\u00e0dia Alcover i Jana i Martina Rahola, que van participar a totes les proves per\u00f2 no van poder completar-ne cap a temps. Tot i aix\u00ed queda un gran grup que de ben segur donar\u00e0 guerra l&#8217;any que ve.<\/p>\n<p><img loading=\"lazy\" decoding=\"async\" src=\"https:\/\/www.cnelbalis.com\/wp-content\/uploads\/vj-w\/-i\/42.jpg\" alt=\"42\" width=\"465\" height=\"480\" class=\"aligncenter size-full wp-image-5721\" \/><\/p>\n","protected":false},"excerpt":{"rendered":"<p>Aquest cap de setmana s&#8217;ha disputat el Campionat de Catalunya d\u2019Optimist grup 3 a les aig\u00fces del Masnou. Ha sigut un bon campionat, amb un camp dif\u00edcil, dissabte amb llevant d&#8217;intensitat variable (4-12 Nusos) i diumenge un Garb\u00ed que semblava establert, per\u00f2 que tamb\u00e9 va jugar en intensitat i direcci\u00f3. S&#8217;han pogut realitzar les 6 [&hellip;]<\/p>\n","protected":false},"author":1,"featured_media":5982,"comment_status":"open","ping_status":"open","sticky":false,"template":"","format":"standard","meta":{"footnotes":""},"categories":[782],"tags":[],"class_list":["post-28651","post","type-post","status-publish","format-standard","has-post-thumbnail","hentry","category-esport"],"acf":[],"_links":{"self":[{"href":"https:\/\/www.cnelbalis.com\/ca\/wp-json\/wp\/v2\/posts\/28651","targetHints":{"allow":["GET"]}}],"collection":[{"href":"https:\/\/www.cnelbalis.com\/ca\/wp-json\/wp\/v2\/posts"}],"about":[{"href":"https:\/\/www.cnelbalis.com\/ca\/wp-json\/wp\/v2\/types\/post"}],"author":[{"embeddable":true,"href":"https:\/\/www.cnelbalis.com\/ca\/wp-json\/wp\/v2\/users\/1"}],"replies":[{"embeddable":true,"href":"https:\/\/www.cnelbalis.com\/ca\/wp-json\/wp\/v2\/comments?post=28651"}],"version-history":[{"count":1,"href":"https:\/\/www.cnelbalis.com\/ca\/wp-json\/wp\/v2\/posts\/28651\/revisions"}],"predecessor-version":[{"id":30641,"href":"https:\/\/www.cnelbalis.com\/ca\/wp-json\/wp\/v2\/posts\/28651\/revisions\/30641"}],"wp:featuredmedia":[{"embeddable":true,"href":"https:\/\/www.cnelbalis.com\/ca\/wp-json\/wp\/v2\/media\/5982"}],"wp:attachment":[{"href":"https:\/\/www.cnelbalis.com\/ca\/wp-json\/wp\/v2\/media?parent=28651"}],"wp:term":[{"taxonomy":"category","embeddable":true,"href":"https:\/\/www.cnelbalis.com\/ca\/wp-json\/wp\/v2\/categories?post=28651"},{"taxonomy":"post_tag","embeddable":true,"href":"https:\/\/www.cnelbalis.com\/ca\/wp-json\/wp\/v2\/tags?post=28651"}],"curies":[{"name":"wp","href":"https:\/\/api.w.org\/{rel}","templated":true}]}}