{"id":28647,"date":"2014-08-19T12:43:15","date_gmt":"2014-08-19T10:43:15","guid":{"rendered":"https:\/\/club.cnelbalis.com\/david-i-alex-charles-bronze-a-leuropeu-juvenil\/"},"modified":"2022-06-24T08:57:38","modified_gmt":"2022-06-24T06:57:38","slug":"david-i-alex-charles-bronze-a-leuropeu-juvenil","status":"publish","type":"post","link":"https:\/\/www.cnelbalis.com\/ca\/david-i-alex-charles-bronze-a-leuropeu-juvenil\/","title":{"rendered":"David i \u00c0lex Charles, Bronze a l&#8217;Europeu Juvenil"},"content":{"rendered":"<p>L&#8217;Europeu juvenil de 470, celebrat a Pol\u00f2nia, a Gdynia Marina ha tingut lloc entre l&#8217;11 al 18 d&#8217;agost. <\/p>\n<p>Amb parcials de 5-4-11-13-20-3-4-2-18-4 la parella de El Bal\u00eds es va classificar per la Medal race &#8220;Mantenemos el 4 de la general con parciales 18 4 salvando un d\u00eda complicado en el agua. Estamos a seis puntos del podio y ma\u00f1ana toca Medal Race con puntuaci\u00f3n doble!! Vamos a darlo TODOOOOO!!!!!&#8221; publicaven a la seva p\u00e0gina de Facebook el pen\u00faltim dia de la competici\u00f3. <\/p>\n<p>Una \u00faltima jornada que va anar des de molt poc vent fins a r\u00e0fegues de fins a 28 nusos, barrejat amb tempestes i trons, va marcar un cl\u00edmax emocionant en la que Jordi Xammar \/ Joan Herp (CN Garraf) i Anna Kyselova \/ Anastasiya Krasko (UKR) s&#8217;adjudicaven el Campionat d&#8217;Europa j\u00fanior mascul\u00ed i femen\u00ed de 470. <\/p>\n<p>Despr\u00e9s d&#8217;un quart a la Medal race, els germans Alex i David Charles, finalment i a tan sols 6 punts dels quarts, han aconseguit el bronze del Campionat d&#8217;Europa J\u00fanior de 470. En l&#8217;\u00faltima jornada ho tenien tot per guanyar i despr\u00e8s d&#8217;una treballada regata, en l&#8217;\u00faltima empopada, varen acabar en la 3a posici\u00f3 de la classificaci\u00f3 general per sobre dels italians Giacomo Ferrari \/ Giulio Calabro. <\/p>\n<p>Moltes Felicitats!!<\/p>\n<p><img loading=\"lazy\" decoding=\"async\" src=\"https:\/\/www.cnelbalis.com\/wp-content\/uploads\/vj-w\/-i\/38.jpg\" alt=\"38\" width=\"640\" height=\"426\" class=\"aligncenter size-full wp-image-5701\" \/><\/p>\n","protected":false},"excerpt":{"rendered":"<p>L&#8217;Europeu juvenil de 470, celebrat a Pol\u00f2nia, a Gdynia Marina ha tingut lloc entre l&#8217;11 al 18 d&#8217;agost. Amb parcials de 5-4-11-13-20-3-4-2-18-4 la parella de El Bal\u00eds es va classificar per la Medal race &#8220;Mantenemos el 4 de la general con parciales 18 4 salvando un d\u00eda complicado en el agua. Estamos a seis puntos [&hellip;]<\/p>\n","protected":false},"author":1,"featured_media":5959,"comment_status":"open","ping_status":"open","sticky":false,"template":"","format":"standard","meta":{"footnotes":""},"categories":[782],"tags":[],"class_list":["post-28647","post","type-post","status-publish","format-standard","has-post-thumbnail","hentry","category-esport"],"acf":[],"_links":{"self":[{"href":"https:\/\/www.cnelbalis.com\/ca\/wp-json\/wp\/v2\/posts\/28647","targetHints":{"allow":["GET"]}}],"collection":[{"href":"https:\/\/www.cnelbalis.com\/ca\/wp-json\/wp\/v2\/posts"}],"about":[{"href":"https:\/\/www.cnelbalis.com\/ca\/wp-json\/wp\/v2\/types\/post"}],"author":[{"embeddable":true,"href":"https:\/\/www.cnelbalis.com\/ca\/wp-json\/wp\/v2\/users\/1"}],"replies":[{"embeddable":true,"href":"https:\/\/www.cnelbalis.com\/ca\/wp-json\/wp\/v2\/comments?post=28647"}],"version-history":[{"count":1,"href":"https:\/\/www.cnelbalis.com\/ca\/wp-json\/wp\/v2\/posts\/28647\/revisions"}],"predecessor-version":[{"id":30637,"href":"https:\/\/www.cnelbalis.com\/ca\/wp-json\/wp\/v2\/posts\/28647\/revisions\/30637"}],"wp:featuredmedia":[{"embeddable":true,"href":"https:\/\/www.cnelbalis.com\/ca\/wp-json\/wp\/v2\/media\/5959"}],"wp:attachment":[{"href":"https:\/\/www.cnelbalis.com\/ca\/wp-json\/wp\/v2\/media?parent=28647"}],"wp:term":[{"taxonomy":"category","embeddable":true,"href":"https:\/\/www.cnelbalis.com\/ca\/wp-json\/wp\/v2\/categories?post=28647"},{"taxonomy":"post_tag","embeddable":true,"href":"https:\/\/www.cnelbalis.com\/ca\/wp-json\/wp\/v2\/tags?post=28647"}],"curies":[{"name":"wp","href":"https:\/\/api.w.org\/{rel}","templated":true}]}}