{"id":28645,"date":"2014-08-28T12:36:07","date_gmt":"2014-08-28T10:36:07","guid":{"rendered":"https:\/\/club.cnelbalis.com\/el-balis-estrena-flota-deurope\/"},"modified":"2022-06-24T08:57:38","modified_gmt":"2022-06-24T06:57:38","slug":"el-balis-estrena-flota-deurope","status":"publish","type":"post","link":"https:\/\/www.cnelbalis.com\/ca\/el-balis-estrena-flota-deurope\/","title":{"rendered":"El Bal\u00eds estrena flota d&#8217;Europe"},"content":{"rendered":"<p>Aquesta setmana 10 esportistes en edat juvenil han iniciat a El Bal\u00eds, la seva singladura amb la classe Europe. Es tracta d&#8217;uns embarcaci\u00f3 individual dissenyada per un belga la primera meitat del segle XX. Es caracteritza per ser una embarcaci\u00f3 t\u00e8cnica i r\u00e0pida, ideal per a esportistes amb constitucions mitjanes, entre 60 i 75 quilos de pes.<\/p>\n<p>Alguns dels nostres esportistes que representaran el club en les regates d&#8217;Europe han finalitzat la seva etapa a la classe infantil Optimist i han optat per aquesta embarcaci\u00f3. D&#8217;altres ja coneixien l&#8217;embarcaci\u00f3 i s&#8217;han sumat al projecte de El Bal\u00eds, amb Pol Rivas com entrenador i Jes\u00fas Tello com a capit\u00e0 de flota.<\/p>\n<p>Aquesta setmana els podreu veure entrenant a les aig\u00fces de Port Bal\u00eds, es preparen per assistir a la Copa d&#8217;Espanya, que es celebrar\u00e0 a Eivissa la primera setmana de setembre. El club es sent molt orgull\u00f3s de poder disposar d&#8217;una nova classe per oferir als seus esportistes una major diversitat en la seva elecci\u00f3 formativa, i de recuperar la classe Europe al club, amb la que Neus Garriga va representar-nos als JJOO de Sideney l&#8217;any 2000.<\/p>\n<p>A tots us donem la benvinguda a la classe i us desitgem tots els \u00e8xits!<\/p>\n<p><img loading=\"lazy\" decoding=\"async\" src=\"https:\/\/www.cnelbalis.com\/wp-content\/uploads\/vj-w\/-i\/34.jpg\" alt=\"34\" width=\"640\" height=\"480\" class=\"aligncenter size-full wp-image-5686\" \/><\/p>\n","protected":false},"excerpt":{"rendered":"<p>Aquesta setmana 10 esportistes en edat juvenil han iniciat a El Bal\u00eds, la seva singladura amb la classe Europe. Es tracta d&#8217;uns embarcaci\u00f3 individual dissenyada per un belga la primera meitat del segle XX. Es caracteritza per ser una embarcaci\u00f3 t\u00e8cnica i r\u00e0pida, ideal per a esportistes amb constitucions mitjanes, entre 60 i 75 quilos [&hellip;]<\/p>\n","protected":false},"author":1,"featured_media":5947,"comment_status":"open","ping_status":"open","sticky":false,"template":"","format":"standard","meta":{"footnotes":""},"categories":[782],"tags":[],"class_list":["post-28645","post","type-post","status-publish","format-standard","has-post-thumbnail","hentry","category-esport"],"acf":[],"_links":{"self":[{"href":"https:\/\/www.cnelbalis.com\/ca\/wp-json\/wp\/v2\/posts\/28645","targetHints":{"allow":["GET"]}}],"collection":[{"href":"https:\/\/www.cnelbalis.com\/ca\/wp-json\/wp\/v2\/posts"}],"about":[{"href":"https:\/\/www.cnelbalis.com\/ca\/wp-json\/wp\/v2\/types\/post"}],"author":[{"embeddable":true,"href":"https:\/\/www.cnelbalis.com\/ca\/wp-json\/wp\/v2\/users\/1"}],"replies":[{"embeddable":true,"href":"https:\/\/www.cnelbalis.com\/ca\/wp-json\/wp\/v2\/comments?post=28645"}],"version-history":[{"count":1,"href":"https:\/\/www.cnelbalis.com\/ca\/wp-json\/wp\/v2\/posts\/28645\/revisions"}],"predecessor-version":[{"id":30635,"href":"https:\/\/www.cnelbalis.com\/ca\/wp-json\/wp\/v2\/posts\/28645\/revisions\/30635"}],"wp:featuredmedia":[{"embeddable":true,"href":"https:\/\/www.cnelbalis.com\/ca\/wp-json\/wp\/v2\/media\/5947"}],"wp:attachment":[{"href":"https:\/\/www.cnelbalis.com\/ca\/wp-json\/wp\/v2\/media?parent=28645"}],"wp:term":[{"taxonomy":"category","embeddable":true,"href":"https:\/\/www.cnelbalis.com\/ca\/wp-json\/wp\/v2\/categories?post=28645"},{"taxonomy":"post_tag","embeddable":true,"href":"https:\/\/www.cnelbalis.com\/ca\/wp-json\/wp\/v2\/tags?post=28645"}],"curies":[{"name":"wp","href":"https:\/\/api.w.org\/{rel}","templated":true}]}}