{"id":28644,"date":"2014-09-03T12:33:33","date_gmt":"2014-09-03T10:33:33","guid":{"rendered":"https:\/\/club.cnelbalis.com\/campionat-social-de-natacio\/"},"modified":"2022-06-24T08:57:38","modified_gmt":"2022-06-24T06:57:38","slug":"campionat-social-de-natacio","status":"publish","type":"post","link":"https:\/\/www.cnelbalis.com\/ca\/campionat-social-de-natacio\/","title":{"rendered":"Campionat Social de Nataci\u00f3"},"content":{"rendered":"<p>Fabio Pogliano registra el millor temps a la piscina amb 13 segons 53 cent\u00e8simes.<br \/>\nUn any m\u00e9s, m\u00e9s de 80 persones han gaudit del campionat social de nataci\u00f3. Socis, alumnes de nataci\u00f3 i del Bal\u00eds Camp es van trobar a la piscina del club per passar un mat\u00ed genial. Hi van participar nens i nenes de totes les edats, i tamb\u00e9 els pares i tiets.<br \/>\nAquest any cal destacar l&#8217;augment en la participaci\u00f3 de pares i mares, que es van animar a donar exemple als m\u00e9s petits i fer esport un diumenge mat\u00ed.<\/p>\n<p>En el lliurament de trofeus, tothom va rebre el seu premi: un trofeu pels guanyadors i una medalla pels classificats dins el podi. Tots els participants es van endur una medalla de record.<\/p>\n<p>La Ren\u00e9, la nostra monitora de nataci\u00f3 va estar molt contenta de veure que tantes fam\u00edlies assitien a l&#8217;acte i els va dedicar unes paraules d&#8217;agra\u00efment pel seu suport durant els cursos d&#8217;estiu. A canvi, va rebre un fort aplaudiment i un preci\u00f3s ram en agra\u00efment a la seva tasca en nom del club.<\/p>\n<p>En el document adjunt podreu consultar el vostre temps i a facebook, l&#8217;\u00e0lbum complet de fotos.<\/p>\n<p><img loading=\"lazy\" decoding=\"async\" src=\"https:\/\/www.cnelbalis.com\/wp-content\/uploads\/vj-w\/-i\/32.jpg\" alt=\"32\" width=\"640\" height=\"480\" class=\"aligncenter size-full wp-image-5677\" \/><\/p>\n","protected":false},"excerpt":{"rendered":"<p>Fabio Pogliano registra el millor temps a la piscina amb 13 segons 53 cent\u00e8simes. Un any m\u00e9s, m\u00e9s de 80 persones han gaudit del campionat social de nataci\u00f3. Socis, alumnes de nataci\u00f3 i del Bal\u00eds Camp es van trobar a la piscina del club per passar un mat\u00ed genial. Hi van participar nens i nenes [&hellip;]<\/p>\n","protected":false},"author":1,"featured_media":5940,"comment_status":"open","ping_status":"open","sticky":false,"template":"","format":"standard","meta":{"footnotes":""},"categories":[782,26],"tags":[],"class_list":["post-28644","post","type-post","status-publish","format-standard","has-post-thumbnail","hentry","category-esport","category-social"],"acf":[],"_links":{"self":[{"href":"https:\/\/www.cnelbalis.com\/ca\/wp-json\/wp\/v2\/posts\/28644","targetHints":{"allow":["GET"]}}],"collection":[{"href":"https:\/\/www.cnelbalis.com\/ca\/wp-json\/wp\/v2\/posts"}],"about":[{"href":"https:\/\/www.cnelbalis.com\/ca\/wp-json\/wp\/v2\/types\/post"}],"author":[{"embeddable":true,"href":"https:\/\/www.cnelbalis.com\/ca\/wp-json\/wp\/v2\/users\/1"}],"replies":[{"embeddable":true,"href":"https:\/\/www.cnelbalis.com\/ca\/wp-json\/wp\/v2\/comments?post=28644"}],"version-history":[{"count":1,"href":"https:\/\/www.cnelbalis.com\/ca\/wp-json\/wp\/v2\/posts\/28644\/revisions"}],"predecessor-version":[{"id":30634,"href":"https:\/\/www.cnelbalis.com\/ca\/wp-json\/wp\/v2\/posts\/28644\/revisions\/30634"}],"wp:featuredmedia":[{"embeddable":true,"href":"https:\/\/www.cnelbalis.com\/ca\/wp-json\/wp\/v2\/media\/5940"}],"wp:attachment":[{"href":"https:\/\/www.cnelbalis.com\/ca\/wp-json\/wp\/v2\/media?parent=28644"}],"wp:term":[{"taxonomy":"category","embeddable":true,"href":"https:\/\/www.cnelbalis.com\/ca\/wp-json\/wp\/v2\/categories?post=28644"},{"taxonomy":"post_tag","embeddable":true,"href":"https:\/\/www.cnelbalis.com\/ca\/wp-json\/wp\/v2\/tags?post=28644"}],"curies":[{"name":"wp","href":"https:\/\/api.w.org\/{rel}","templated":true}]}}