{"id":28643,"date":"2014-09-15T12:30:13","date_gmt":"2014-09-15T10:30:13","guid":{"rendered":"https:\/\/club.cnelbalis.com\/rafa-rabassa-campio-juvenil-deurope\/"},"modified":"2022-06-24T08:57:38","modified_gmt":"2022-06-24T06:57:38","slug":"rafa-rabassa-campio-juvenil-deurope","status":"publish","type":"post","link":"https:\/\/www.cnelbalis.com\/ca\/rafa-rabassa-campio-juvenil-deurope\/","title":{"rendered":"Rafa Rabassa Campi\u00f3 Juvenil d&#8217;Europe"},"content":{"rendered":"<p>La classe Europa del CN El Bal\u00eds s&#8217;estrena amb \u00e8xit al Campionat d&#8217;Espanya 2014 al CN Eivissa.<\/p>\n<p>Un total de 53 participants van disputar del 5 al 8 de setembre les 9 proves programades al campionat d&#8217;Espanya d&#8217;Eivissa 2014 amb vents d&#8217;entre 5 i 10 nusos de component sud-est. 5 van ser els participants del CN el Bal\u00eds que es van despla\u00e7ar a l&#8217;illa blanca per c\u00f3rrer el campionat. <\/p>\n<p>Rafa Rabasa va trencar tots els esquemes i a la primera oportunitat s&#8217;ha proclamat Campi\u00f3 Juvenil de la classe Europa i 6\u00e8 a la general amb tan sols 15 anys, davant de molts regatistes experimentats. La resta de participants del CN El Bal\u00eds tamb\u00e9 van tenir una gran actuaci\u00f3 amb molts bons parcials.<\/p>\n<p>Rafa Rabassa 6\u00e8<br \/>\nOriol Arrufat 20\u00e8<br \/>\nAndrea Rabassa 21a<br \/>\nMarc Arrufat 22\u00e8<br \/>\nMarc Tello 23\u00e8<\/p>\n<p>El 4 i 5 d&#8217;octubre hi ha la 1a regata del circuit catal\u00e0 al CN Estartit on ja comptarem amb els 10 integrants de la flota del Bal\u00eds. Fins aleshores a entrenar fort!<\/p>\n<p><img loading=\"lazy\" decoding=\"async\" src=\"https:\/\/www.cnelbalis.com\/wp-content\/uploads\/vj-w\/-i\/31.jpg\" alt=\"31\" width=\"640\" height=\"480\" class=\"aligncenter size-full wp-image-5678\" \/><\/p>\n","protected":false},"excerpt":{"rendered":"<p>La classe Europa del CN El Bal\u00eds s&#8217;estrena amb \u00e8xit al Campionat d&#8217;Espanya 2014 al CN Eivissa. Un total de 53 participants van disputar del 5 al 8 de setembre les 9 proves programades al campionat d&#8217;Espanya d&#8217;Eivissa 2014 amb vents d&#8217;entre 5 i 10 nusos de component sud-est. 5 van ser els participants del [&hellip;]<\/p>\n","protected":false},"author":1,"featured_media":5933,"comment_status":"open","ping_status":"open","sticky":false,"template":"","format":"standard","meta":{"footnotes":""},"categories":[782],"tags":[],"class_list":["post-28643","post","type-post","status-publish","format-standard","has-post-thumbnail","hentry","category-esport"],"acf":[],"_links":{"self":[{"href":"https:\/\/www.cnelbalis.com\/ca\/wp-json\/wp\/v2\/posts\/28643","targetHints":{"allow":["GET"]}}],"collection":[{"href":"https:\/\/www.cnelbalis.com\/ca\/wp-json\/wp\/v2\/posts"}],"about":[{"href":"https:\/\/www.cnelbalis.com\/ca\/wp-json\/wp\/v2\/types\/post"}],"author":[{"embeddable":true,"href":"https:\/\/www.cnelbalis.com\/ca\/wp-json\/wp\/v2\/users\/1"}],"replies":[{"embeddable":true,"href":"https:\/\/www.cnelbalis.com\/ca\/wp-json\/wp\/v2\/comments?post=28643"}],"version-history":[{"count":1,"href":"https:\/\/www.cnelbalis.com\/ca\/wp-json\/wp\/v2\/posts\/28643\/revisions"}],"predecessor-version":[{"id":30633,"href":"https:\/\/www.cnelbalis.com\/ca\/wp-json\/wp\/v2\/posts\/28643\/revisions\/30633"}],"wp:featuredmedia":[{"embeddable":true,"href":"https:\/\/www.cnelbalis.com\/ca\/wp-json\/wp\/v2\/media\/5933"}],"wp:attachment":[{"href":"https:\/\/www.cnelbalis.com\/ca\/wp-json\/wp\/v2\/media?parent=28643"}],"wp:term":[{"taxonomy":"category","embeddable":true,"href":"https:\/\/www.cnelbalis.com\/ca\/wp-json\/wp\/v2\/categories?post=28643"},{"taxonomy":"post_tag","embeddable":true,"href":"https:\/\/www.cnelbalis.com\/ca\/wp-json\/wp\/v2\/tags?post=28643"}],"curies":[{"name":"wp","href":"https:\/\/api.w.org\/{rel}","templated":true}]}}