{"id":28640,"date":"2014-10-24T12:19:51","date_gmt":"2014-10-24T10:19:51","guid":{"rendered":"https:\/\/club.cnelbalis.com\/arnau-gelpi-i-juame-alcover-guanyadors-del-trofeu-cornudella\/"},"modified":"2022-06-24T08:57:38","modified_gmt":"2022-06-24T06:57:38","slug":"arnau-gelpi-i-juame-alcover-guanyadors-del-trofeu-cornudella","status":"publish","type":"post","link":"https:\/\/www.cnelbalis.com\/ca\/arnau-gelpi-i-juame-alcover-guanyadors-del-trofeu-cornudella\/","title":{"rendered":"Arnau Gelp\u00ed i Juame Alcover guanyadors del Trofeu Cornudella"},"content":{"rendered":"<p>Mariona Rahola \u00e9s 3a. Gabi Cort\u00e9s 2n a la classe A.<\/p>\n<p>El Bal\u00eds ha sigut escenari de la segona regata puntuable pel r\u00e0nquing catal\u00e0 de la classe Optimist. El m\u00edtic Trofeu Cornudella, que celebra 40 anys des de les seves primeres edicions, ha reunit a 175 regatistes infantils.<\/p>\n<p>Dissabte no va ser possible realitzar cap prova degut a una gran inestabilitat de vent, que no va donar prou intensitat per tirar endavant la competici\u00f3 amb garanties. Diumenge a les 12:30 van comen\u00e7ar les regates amb la sortida del grup 1; va ser una jornada intensa, en la que no hi va haver descans entre proves; d&#8217;aquesta manera el comit\u00e8 de regates s&#8217;assegurava un campionat amb el m\u00e0xim de proves celebrades i tamb\u00e9 el descart en el grup 1.<\/p>\n<p>El local Arnau Gelp\u00ed ha estat el clar guanyador de la regata, imposant-se al seu grup amb 3 vict\u00f2ries parcials i un 5\u00e8 que va poder descartar. Eduard Ferrer, del CM Altafulla i Mariona Rahola, del CN El Bal\u00eds, el van acompanyar en el podi, despr\u00e9s de 4 proves amb vents fluixos. Jaume Alcover (CN El Bal\u00eds), Roger Tomas (CN El Masnou) i Bernat P\u00e9rez (CN Arenys de Mar) han sigut els 3 primers classificats en el grup 2 despr\u00e9s de la celebraci\u00f3 de 3 proves.<\/p>\n<p>En el lliurament de trofeus, Cristina Felip, representant de la fam\u00edlia Cornudella i coneguda familiarment com l&#8217;\u00e0via Cornudella, lliurava orgullosa el trofeu a un dels seus n\u00e9ts, l&#8217;Arnau Gelp\u00ed i Cornudella, a la vegada que agra\u00efa a nens i pares la seva participaci\u00f3 i implicaci\u00f3 en aquest trofeu un any m\u00e9s. <\/p>\n<p>Els regatistes del Bal\u00eds han aconseguit bons resultats, destacant sobretot els podis de la genral de l&#8217;Arnau Gelp\u00ed i la Mariona Rahola al Grup 1 i la vict\u00f2ria del Jaume Alcover al Grup2; tamb\u00e9 hi ha el podi de Gabi Cort\u00e9s a la classe A del Grup 1.<\/p>\n<p>Grup 1<br \/>\n1. Arnau Gelp\u00ed (guanyador classe B)<br \/>\n3. Mariona Rahola (subcampiona classe B)<br \/>\n12. Gabi Cort\u00e9s (subcampi\u00f3 classe A)<br \/>\n25. Nil Serr\u00e0<br \/>\n26. Sebastian Riquelme<br \/>\n36. Helena Pru\u00f1onosa<br \/>\n45. Elisenda Rahola<br \/>\n46. Nora Lasurt<br \/>\n50. Miquel P\u00e9rez<br \/>\n52. Monica Vennhoven<br \/>\n54. Nico Borras<br \/>\n55. Pau Llibre<br \/>\n62. Nacho Ben\u00edtez<br \/>\n74. Carlos de Francisco<br \/>\n78. Martina Rodiera<\/p>\n<p>Grup 2<br \/>\n1. Jaume Alcover (guanyador classe C)<br \/>\n7. Mar Garcia<br \/>\n14. Carlos Calic\u00f3<br \/>\n15. Lucas Garcia<br \/>\n19. Gerard P\u00e9rez<br \/>\n21. Daniela Borr\u00e1s<br \/>\n38. Victoria Pru\u00f1onosa<br \/>\n44. Adriana Pru\u00f1onosa<br \/>\n48. Alvar Ma\u00f1\u00e9<br \/>\n61. Alexandro Riquelme<br \/>\n83. Elisabet Comas<\/p>\n<p><img loading=\"lazy\" decoding=\"async\" src=\"https:\/\/www.cnelbalis.com\/wp-content\/uploads\/vj-w\/-i\/26.jpg\" alt=\"26\" width=\"640\" height=\"393\" class=\"aligncenter size-full wp-image-5651\" \/><\/p>\n","protected":false},"excerpt":{"rendered":"<p>Mariona Rahola \u00e9s 3a. Gabi Cort\u00e9s 2n a la classe A. El Bal\u00eds ha sigut escenari de la segona regata puntuable pel r\u00e0nquing catal\u00e0 de la classe Optimist. El m\u00edtic Trofeu Cornudella, que celebra 40 anys des de les seves primeres edicions, ha reunit a 175 regatistes infantils. Dissabte no va ser possible realitzar cap [&hellip;]<\/p>\n","protected":false},"author":1,"featured_media":5913,"comment_status":"open","ping_status":"open","sticky":false,"template":"","format":"standard","meta":{"footnotes":""},"categories":[782],"tags":[],"class_list":["post-28640","post","type-post","status-publish","format-standard","has-post-thumbnail","hentry","category-esport"],"acf":[],"_links":{"self":[{"href":"https:\/\/www.cnelbalis.com\/ca\/wp-json\/wp\/v2\/posts\/28640","targetHints":{"allow":["GET"]}}],"collection":[{"href":"https:\/\/www.cnelbalis.com\/ca\/wp-json\/wp\/v2\/posts"}],"about":[{"href":"https:\/\/www.cnelbalis.com\/ca\/wp-json\/wp\/v2\/types\/post"}],"author":[{"embeddable":true,"href":"https:\/\/www.cnelbalis.com\/ca\/wp-json\/wp\/v2\/users\/1"}],"replies":[{"embeddable":true,"href":"https:\/\/www.cnelbalis.com\/ca\/wp-json\/wp\/v2\/comments?post=28640"}],"version-history":[{"count":1,"href":"https:\/\/www.cnelbalis.com\/ca\/wp-json\/wp\/v2\/posts\/28640\/revisions"}],"predecessor-version":[{"id":30630,"href":"https:\/\/www.cnelbalis.com\/ca\/wp-json\/wp\/v2\/posts\/28640\/revisions\/30630"}],"wp:featuredmedia":[{"embeddable":true,"href":"https:\/\/www.cnelbalis.com\/ca\/wp-json\/wp\/v2\/media\/5913"}],"wp:attachment":[{"href":"https:\/\/www.cnelbalis.com\/ca\/wp-json\/wp\/v2\/media?parent=28640"}],"wp:term":[{"taxonomy":"category","embeddable":true,"href":"https:\/\/www.cnelbalis.com\/ca\/wp-json\/wp\/v2\/categories?post=28640"},{"taxonomy":"post_tag","embeddable":true,"href":"https:\/\/www.cnelbalis.com\/ca\/wp-json\/wp\/v2\/tags?post=28640"}],"curies":[{"name":"wp","href":"https:\/\/api.w.org\/{rel}","templated":true}]}}