{"id":28638,"date":"2014-11-04T12:09:43","date_gmt":"2014-11-04T11:09:43","guid":{"rendered":"https:\/\/club.cnelbalis.com\/marti-serra-i-ferran-cornudella-bronze\/"},"modified":"2022-06-24T08:57:34","modified_gmt":"2022-06-24T06:57:34","slug":"marti-serra-i-ferran-cornudella-bronze","status":"publish","type":"post","link":"https:\/\/www.cnelbalis.com\/ca\/marti-serra-i-ferran-cornudella-bronze\/","title":{"rendered":"Mart\u00ed Serr\u00e0 i Ferran Cornudella bronze"},"content":{"rendered":"<p>L&#8217;Ultra Trail del Mestral \u00e9s la segona prova puntuable per a la classe Techno 293 d&#8217;aquesta temporada. La nostra flota de windsurf, formada per taules Techno 293 i RS:X i entrenades pe l&#8217;\u00c0lex de Cortada, hi han participat, obtenint molt bons resultats i sobretot, la satisfacci\u00f3 de l&#8217;entrenador, que ha explicat que &#8220;tothom ho va donar tot&#8221; i que han demostrat estar motivats i tenir forta projecci\u00f3 de futur.<\/p>\n<p>En Mart\u00ed Serr\u00e0 ha aconseguit la 3a pla\u00e7a a la classe Techno 293 sub-17 i en Ferran Cornudella tamb\u00e9 ha pujat al tercer calaix del podi de la classe Raceboard. En la subcategoria de RS:X, Ferran es va endur la 1a posici\u00f3 i Dani Cort\u00e9s la 2a. <\/p>\n<p>Us deixem amb el relat que ens envia la secretar\u00eda de la classe, no us el perdeu!<\/p>\n<p>&#8220;EN TERRA DEL MESTRAL, NOM\u00c9S HI HA FALTAT EL VENDAVAL<br \/>\nLes aig\u00fces de Vandell\u00f2s i l\u2019Hospitalet de l\u2019Infant han estat l\u2019escenari de la cinquena edici\u00f3 de la Ultra Trail del Mestral, que ha acollit una magn\u00edfica flota de trenta windsurfistes \u00e0vids de l\u2019enyorada for\u00e7a del vent terral que bufa al Baix Camp. Per\u00f2 la pau de Tots Sants no s\u2019ha vist alterada pel vent, que en aquesta ocasi\u00f3 ha respectat l\u2019esbarjo del passejant durant un cap de setmana preci\u00f3s. Dissabte, el camp de regates s\u2019ha muntat sota el govern del garb\u00ed i s\u2019han disputat dues proves, i diumenge s\u2019ha fet la cl\u00e0ssica travessia de la Ultra Trail amb un llevant que buscava el sud. Tots dos dies, el combustible e\u00f2lic no ha passat dels sis nusos \u2013per a desesperaci\u00f3 dels patrons experts.<\/p>\n<p>Per\u00f2 aquest vent ha estat propici per als debutants, majorit\u00e0riament del Club N\u00e0utic Hospitalet-Vandell\u00f2s, que els \u00faltims temps est\u00e0 formant un planter de windsurfistes prou nombr\u00f3s que augura, amb l\u2019aportaci\u00f3 dels patrons novells del Club N\u00e0utic el Bal\u00eds, el creixement de les flotes de competici\u00f3 i, al seu torn, la singladura dels campions del futur.<br \/>\nLa classe Techno 293 ha desplegat al Baix Camp totes les seves categories. En la d\u2019iniciaci\u00f3, amb sis participants, tres patrons del Club N\u00e0utic Hospitalet-Vandell\u00f2s han copat el podi dels m\u00e9s menuts.<\/p>\n<p>I tres m\u00e9s del mateix club, en sub-15, tamb\u00e9 han pujat als calaixos: Laura Barea, Mart\u00ed Davicino i V\u00edctor Guti\u00e9rrez. El podi dels sub-17 ha estat m\u00e9s repartit: Ferran Garcia Querol, del Club Mar\u00edtim Torredembarra, s\u2019ha adjudicat l\u2019or. El regatista del club amfitri\u00f3 Guillem Seg\u00fa Gir\u00f3 \u2013bronze al Campionat d\u2019Espanya de Vela Infantil del 2014\u2013 ha merescut la plata. I la jove promesa Mart\u00ed Serr\u00e0 Cornudella, del Club N\u00e0utic el Bal\u00eds, ha puntuat per al bronze.<\/p>\n<p>En la classe Raceboard, amb les veloces taules cl\u00e0ssiques i l\u2019ol\u00edmpica RS:X, set nois i tres noies han batallat per arribar als llorers. Com no podia ser d\u2019una altra manera, dos regatistes del Club N\u00e0utic Hospitalet-Vandell\u00f2s han pujat al podi: V\u00edctor Fern\u00e1ndez, amb una taula RS:X i un drap de 9.5, ha aconseguit l\u2019or, i Ricardo de Arce, veter\u00e0 de les \u201craceboards\u201d, ha fet plata. El patr\u00f3 Ferran Cornudella Sol\u00e9, de la Flota WSB del Club N\u00e0utic el Bal\u00eds, amb una taula RS:X i un ormeig de 8.5, ha merescut el bronze.&#8221;<\/p>\n<p><img loading=\"lazy\" decoding=\"async\" src=\"https:\/\/www.cnelbalis.com\/wp-content\/uploads\/vj-w\/-i\/22.jpg\" alt=\"22\" width=\"640\" height=\"427\" class=\"aligncenter size-full wp-image-5635\" \/><\/p>\n","protected":false},"excerpt":{"rendered":"<p>L&#8217;Ultra Trail del Mestral \u00e9s la segona prova puntuable per a la classe Techno 293 d&#8217;aquesta temporada. La nostra flota de windsurf, formada per taules Techno 293 i RS:X i entrenades pe l&#8217;\u00c0lex de Cortada, hi han participat, obtenint molt bons resultats i sobretot, la satisfacci\u00f3 de l&#8217;entrenador, que ha explicat que &#8220;tothom ho va [&hellip;]<\/p>\n","protected":false},"author":1,"featured_media":5901,"comment_status":"open","ping_status":"open","sticky":false,"template":"","format":"standard","meta":{"footnotes":""},"categories":[782],"tags":[],"class_list":["post-28638","post","type-post","status-publish","format-standard","has-post-thumbnail","hentry","category-esport"],"acf":[],"_links":{"self":[{"href":"https:\/\/www.cnelbalis.com\/ca\/wp-json\/wp\/v2\/posts\/28638","targetHints":{"allow":["GET"]}}],"collection":[{"href":"https:\/\/www.cnelbalis.com\/ca\/wp-json\/wp\/v2\/posts"}],"about":[{"href":"https:\/\/www.cnelbalis.com\/ca\/wp-json\/wp\/v2\/types\/post"}],"author":[{"embeddable":true,"href":"https:\/\/www.cnelbalis.com\/ca\/wp-json\/wp\/v2\/users\/1"}],"replies":[{"embeddable":true,"href":"https:\/\/www.cnelbalis.com\/ca\/wp-json\/wp\/v2\/comments?post=28638"}],"version-history":[{"count":1,"href":"https:\/\/www.cnelbalis.com\/ca\/wp-json\/wp\/v2\/posts\/28638\/revisions"}],"predecessor-version":[{"id":30628,"href":"https:\/\/www.cnelbalis.com\/ca\/wp-json\/wp\/v2\/posts\/28638\/revisions\/30628"}],"wp:featuredmedia":[{"embeddable":true,"href":"https:\/\/www.cnelbalis.com\/ca\/wp-json\/wp\/v2\/media\/5901"}],"wp:attachment":[{"href":"https:\/\/www.cnelbalis.com\/ca\/wp-json\/wp\/v2\/media?parent=28638"}],"wp:term":[{"taxonomy":"category","embeddable":true,"href":"https:\/\/www.cnelbalis.com\/ca\/wp-json\/wp\/v2\/categories?post=28638"},{"taxonomy":"post_tag","embeddable":true,"href":"https:\/\/www.cnelbalis.com\/ca\/wp-json\/wp\/v2\/tags?post=28638"}],"curies":[{"name":"wp","href":"https:\/\/api.w.org\/{rel}","templated":true}]}}