{"id":28636,"date":"2014-12-10T12:07:16","date_gmt":"2014-12-10T11:07:16","guid":{"rendered":"https:\/\/club.cnelbalis.com\/64e-trofeu-ciutat-de-palma\/"},"modified":"2022-06-24T08:57:34","modified_gmt":"2022-06-24T06:57:34","slug":"64e-trofeu-ciutat-de-palma","status":"publish","type":"post","link":"https:\/\/www.cnelbalis.com\/ca\/64e-trofeu-ciutat-de-palma\/","title":{"rendered":"64\u00e8 Trofeu Ciutat de palma"},"content":{"rendered":"<p>Del 4 al 6 de desembre, 500 esportistes inscrits provinents d&#8217;Alemanya, Dinamarca, Espanya, Est\u00f2nia, Finl\u00e0ndia, Fran\u00e7a, It\u00e0lia, Regne Unit, Romania, Su\u00efssa i Estats Units han participat en la 64a edici\u00f3 del Trofeu Ciutat de Palma per a les classes Optimist, 420 i L\u00e0ser. Trofeu organitzat pel RCN Palma.<\/p>\n<p>La Magda Resano \u00e9s l\u2019entrenadora de l\u2019espedici\u00f3 i ens explica la seva experi\u00e8ncia:<br \/>\n\u201cAyer finaliz\u00f3 el Trofeo Ciutat de Palma, con 3 pruebas m\u00e1s con viento de tierra: no fue un buen dia en cuanto a resultados para nuestro equipo, pero si un grand\u00edsimo dia y campeonato en general para aprender a correr con viento de tierra en una flota grande (cada salida de 120 optimist) y de alto nivel.<\/p>\n<p>La campeona fue Aina Colom demostrando una vez m\u00e1s su alto nivel y consistencia y de nuestros amigos catalanes: gran campeonato de Nacho Davila 3ero, Eduard Ferrer 10mo y Pol Marsans 15avo. Enhorabuena!!!<\/p>\n<p>Nuestro equipo de Balis, despu\u00e9s de 8 pruebas y entre 355 regatistas finalizaron:<br \/>\n46) Arnau Gelpi<br \/>\n86) Mariona Rahola<br \/>\n120) Elisenda Rahola Codina<br \/>\n123) Tat\u00e1n Riquelme<br \/>\n133) Gabi Cortes Bolea<br \/>\n144) M\u00f3nica Veenhoven<br \/>\n158) Nora lasurt<br \/>\n201) Jaume Alcover<br \/>\n210) Helena Pru\u00f1onosa<br \/>\n236) Nico Borr\u00e1s<br \/>\n239) Pau Llibre<br \/>\n278) Ale Riquelme<br \/>\n295) Nil Serr\u00e0 Cornudella (que no pudo competir en varias pruebas x lesi\u00f3n)\u201d<\/p>\n<p>A la classe 420, el t\u00e0ndem format per Willy Pi-Su\u00f1er i Sigfrid Rovira del CN el Bal\u00eds, van acabar en 11a posici\u00f3.<\/p>\n<p><img loading=\"lazy\" decoding=\"async\" src=\"https:\/\/www.cnelbalis.com\/wp-content\/uploads\/vj-w\/-i\/20.jpg\" alt=\"20\" width=\"598\" height=\"480\" class=\"aligncenter size-full wp-image-5627\" \/><\/p>\n","protected":false},"excerpt":{"rendered":"<p>Del 4 al 6 de desembre, 500 esportistes inscrits provinents d&#8217;Alemanya, Dinamarca, Espanya, Est\u00f2nia, Finl\u00e0ndia, Fran\u00e7a, It\u00e0lia, Regne Unit, Romania, Su\u00efssa i Estats Units han participat en la 64a edici\u00f3 del Trofeu Ciutat de Palma per a les classes Optimist, 420 i L\u00e0ser. Trofeu organitzat pel RCN Palma. La Magda Resano \u00e9s l\u2019entrenadora de l\u2019espedici\u00f3 [&hellip;]<\/p>\n","protected":false},"author":1,"featured_media":5593,"comment_status":"open","ping_status":"open","sticky":false,"template":"","format":"standard","meta":{"footnotes":""},"categories":[782],"tags":[],"class_list":["post-28636","post","type-post","status-publish","format-standard","has-post-thumbnail","hentry","category-esport"],"acf":[],"_links":{"self":[{"href":"https:\/\/www.cnelbalis.com\/ca\/wp-json\/wp\/v2\/posts\/28636","targetHints":{"allow":["GET"]}}],"collection":[{"href":"https:\/\/www.cnelbalis.com\/ca\/wp-json\/wp\/v2\/posts"}],"about":[{"href":"https:\/\/www.cnelbalis.com\/ca\/wp-json\/wp\/v2\/types\/post"}],"author":[{"embeddable":true,"href":"https:\/\/www.cnelbalis.com\/ca\/wp-json\/wp\/v2\/users\/1"}],"replies":[{"embeddable":true,"href":"https:\/\/www.cnelbalis.com\/ca\/wp-json\/wp\/v2\/comments?post=28636"}],"version-history":[{"count":1,"href":"https:\/\/www.cnelbalis.com\/ca\/wp-json\/wp\/v2\/posts\/28636\/revisions"}],"predecessor-version":[{"id":30626,"href":"https:\/\/www.cnelbalis.com\/ca\/wp-json\/wp\/v2\/posts\/28636\/revisions\/30626"}],"wp:featuredmedia":[{"embeddable":true,"href":"https:\/\/www.cnelbalis.com\/ca\/wp-json\/wp\/v2\/media\/5593"}],"wp:attachment":[{"href":"https:\/\/www.cnelbalis.com\/ca\/wp-json\/wp\/v2\/media?parent=28636"}],"wp:term":[{"taxonomy":"category","embeddable":true,"href":"https:\/\/www.cnelbalis.com\/ca\/wp-json\/wp\/v2\/categories?post=28636"},{"taxonomy":"post_tag","embeddable":true,"href":"https:\/\/www.cnelbalis.com\/ca\/wp-json\/wp\/v2\/tags?post=28636"}],"curies":[{"name":"wp","href":"https:\/\/api.w.org\/{rel}","templated":true}]}}