{"id":28635,"date":"2014-12-10T12:06:44","date_gmt":"2014-12-10T11:06:44","guid":{"rendered":"https:\/\/club.cnelbalis.com\/2-podis-a-imperia\/"},"modified":"2022-06-24T08:57:34","modified_gmt":"2022-06-24T06:57:34","slug":"2-podis-a-imperia","status":"publish","type":"post","link":"https:\/\/www.cnelbalis.com\/ca\/2-podis-a-imperia\/","title":{"rendered":"2 podis a Imperia"},"content":{"rendered":"<p>Els regatistes de ls classe 470 representant a El Bal\u00eds han aconseguit pujar al podi a l\u2019\u00faltim comprom\u00eds internacional en el que han participat.<\/p>\n<p>Es tracta de la Imperia Winter Regatta, celebrada a la costa italiana entre el 3 i el 7 de desembre.<br \/>\nEls germans David i Alex Charles han estat subcampions a la classe 470 masculina, amb un total de 18 punts i un avantatge de 4 punts per davant els ucra\u00efnesos. Van comen\u00e7ar el campionat amb parcials de 4-4-16 que els situaven 6ns de la classificaci\u00f3 general. El segon dia de regates els parcials 2-2-6 els feien pujar fins la 2a posici\u00f3. L\u2019endem\u00e0 va ser un dia marcat per la climatologia: \u201cMucho fr\u00edo y mucha lluvia en Imperia; un 2 y un 4 nos mantienen segundos de la general!!! El primero ya es matem\u00e1ticamente campe\u00f3n y por eso nuestro objetivo del \u00faltimo d\u00eda ser\u00e1 mantener el segundo lugar.\u201d Finalment no es van poder realitzar proves per falta de vent per la qual cosa van finalitzar segons.<\/p>\n<p>En la classificaci\u00f3 femenina, la B\u00e0rbara Cornudella i la Sara L\u00f3pez tamb\u00e9 van aconseguir el subcampionat. \u201cNavegar en flota amb els nois i sense porta a sotavent \u00e9s un embolic, per\u00f2 hem de practicar sortides amb 40 embarcacions i situacions dif\u00edcils a les boies. El primer no va ser un gran dia per a nosaltres, per\u00f2 est\u00e0vem ben situades per seguir lluitant; el segon dia vem fer dues proves bones, molt contentes de com vem navegar amb aquelles condicions de vent. El tercer dia de proves vem aconseguir dos top 10 que ens van ajudar molt a apropar-nos a la l\u00edder de la classificaci\u00f3 femenina\u201d. El dia final no hi va haver proves aix\u00ed \u00e9s que finalment les noies de El Bal\u00eds es van endur el subcampionat nom\u00e9s a 3 punts de la campiona i empatades amb les terceres classificades.<\/p>\n<p>El proper comprom\u00eds dels nostres ol\u00edmpics ser\u00e0 a la Christmas Race, a Palam\u00f3s, la setmana que ve. Felicitats i \u00e0nims a tots!!!!<\/p>\n<p><img loading=\"lazy\" decoding=\"async\" src=\"https:\/\/www.cnelbalis.com\/wp-content\/uploads\/vj-w\/-i\/19.jpg\" alt=\"19\" width=\"640\" height=\"460\" class=\"aligncenter size-full wp-image-5629\" \/><\/p>\n","protected":false},"excerpt":{"rendered":"<p>Els regatistes de ls classe 470 representant a El Bal\u00eds han aconseguit pujar al podi a l\u2019\u00faltim comprom\u00eds internacional en el que han participat. Es tracta de la Imperia Winter Regatta, celebrada a la costa italiana entre el 3 i el 7 de desembre. Els germans David i Alex Charles han estat subcampions a la [&hellip;]<\/p>\n","protected":false},"author":1,"featured_media":5587,"comment_status":"open","ping_status":"open","sticky":false,"template":"","format":"standard","meta":{"footnotes":""},"categories":[782],"tags":[],"class_list":["post-28635","post","type-post","status-publish","format-standard","has-post-thumbnail","hentry","category-esport"],"acf":[],"_links":{"self":[{"href":"https:\/\/www.cnelbalis.com\/ca\/wp-json\/wp\/v2\/posts\/28635","targetHints":{"allow":["GET"]}}],"collection":[{"href":"https:\/\/www.cnelbalis.com\/ca\/wp-json\/wp\/v2\/posts"}],"about":[{"href":"https:\/\/www.cnelbalis.com\/ca\/wp-json\/wp\/v2\/types\/post"}],"author":[{"embeddable":true,"href":"https:\/\/www.cnelbalis.com\/ca\/wp-json\/wp\/v2\/users\/1"}],"replies":[{"embeddable":true,"href":"https:\/\/www.cnelbalis.com\/ca\/wp-json\/wp\/v2\/comments?post=28635"}],"version-history":[{"count":1,"href":"https:\/\/www.cnelbalis.com\/ca\/wp-json\/wp\/v2\/posts\/28635\/revisions"}],"predecessor-version":[{"id":30625,"href":"https:\/\/www.cnelbalis.com\/ca\/wp-json\/wp\/v2\/posts\/28635\/revisions\/30625"}],"wp:featuredmedia":[{"embeddable":true,"href":"https:\/\/www.cnelbalis.com\/ca\/wp-json\/wp\/v2\/media\/5587"}],"wp:attachment":[{"href":"https:\/\/www.cnelbalis.com\/ca\/wp-json\/wp\/v2\/media?parent=28635"}],"wp:term":[{"taxonomy":"category","embeddable":true,"href":"https:\/\/www.cnelbalis.com\/ca\/wp-json\/wp\/v2\/categories?post=28635"},{"taxonomy":"post_tag","embeddable":true,"href":"https:\/\/www.cnelbalis.com\/ca\/wp-json\/wp\/v2\/tags?post=28635"}],"curies":[{"name":"wp","href":"https:\/\/api.w.org\/{rel}","templated":true}]}}