{"id":28629,"date":"2015-01-08T10:59:49","date_gmt":"2015-01-08T09:59:49","guid":{"rendered":"https:\/\/club.cnelbalis.com\/rafa-rabasa-campio-de-catalunya-juvenil\/"},"modified":"2022-06-24T08:57:34","modified_gmt":"2022-06-24T06:57:34","slug":"rafa-rabasa-campio-de-catalunya-juvenil","status":"publish","type":"post","link":"https:\/\/www.cnelbalis.com\/ca\/rafa-rabasa-campio-de-catalunya-juvenil\/","title":{"rendered":"Rafa Rabasa Campi\u00f3 de Catalunya juvenil"},"content":{"rendered":"<p>Marc Arrufat Campi\u00f3 de Catalunya Sots-15. Classe Europa.<\/p>\n<p>Del 2 al 5 de gener s\u2019ha disputat el IGPVB \u201915 la regata m\u00e9s matinera de l\u2019any, que a m\u00e9s ha estat Campionat de Catalunya de la classe Europa 2015, una bona manera de comen\u00e7ar l\u2019any per als nostres joves regatistes de la classe Europa del CN El Bal\u00eds.<\/p>\n<p>Els 42 regatistes de diferents pa\u00efsos van poder disputar les 10 proves programades efica\u00e7ment, comen\u00e7ant cada dia a les 9:00 am amb el terral t\u00e8rmic de la nit, que aguantava fins al migdia amb vents de 8 a 12kts del 310\u00ba.<\/p>\n<p>Dels 10 integrants del nostre club cal destacar i felicitar especialment el gran campionat que han fet en Rafa Rabasa i en Marc Arrufat 5\u00e8 i 6\u00e8 respectivament a la general de la regata (i 4rt i 5\u00e8 respectivament del Campionat de Catalunya (empatats a 72 punts), i amb uns parcials espectaculars: Rafa Rabasa (13, 16, 11, 3, 1, 19, 2, 3, 14, 9) i Marc Arrufat (10, 22, 6, 1, 6, 24, 6, 6, 10, 5), sent en Rafa el nou Campi\u00f3 de Catalunya Juvenil Mascul\u00ed i en Marc Arrufat Campi\u00f3 de Catalunya sots 15. Sens dubte, un bon \u201cregal\u201d de reis anticipat.<\/p>\n<p>Destacar tamb\u00e9 la bona progressi\u00f3 d\u2019en Marc Tello (17\u00e8 de la regata i 10\u00e8 de Catalunya) i de l\u2019Oriol Arrufat (19\u00e8 de la regata i 12\u00e8 de Catalunya ) amb molts parcials entre els 15 primers. La Gal\u00b7la Rodiera (28), la Claudia Rod\u00e8s (32), en Yago Ma\u00f1\u00e9 (36), en Xavi Mart\u00ednez (37), en Jes\u00fas tello (38) i en Ramon R\u00e0mia (40) completen els integrants del CN El Bal\u00eds al campionat amb un resultat m\u00e9s discret per\u00f2 en general amb bones sensacions i millores en molts aspectes t\u00e8cnics.<\/p>\n<p>Recordem que encara som a la 1\u00aa temporada en aquesta classe per als nostres joves regatistes, per la qual cosa encara queda molt cam\u00ed per fer. Seguirem entrenant fort com fins ara per a seguir pujant posicions a les properes cites del calendari.<\/p>\n<p><img loading=\"lazy\" decoding=\"async\" src=\"https:\/\/www.cnelbalis.com\/wp-content\/uploads\/vj-w\/-i\/12.jpg\" alt=\"12\" width=\"640\" height=\"462\" class=\"aligncenter size-full wp-image-5580\" \/><\/p>\n","protected":false},"excerpt":{"rendered":"<p>Marc Arrufat Campi\u00f3 de Catalunya Sots-15. Classe Europa. Del 2 al 5 de gener s\u2019ha disputat el IGPVB \u201915 la regata m\u00e9s matinera de l\u2019any, que a m\u00e9s ha estat Campionat de Catalunya de la classe Europa 2015, una bona manera de comen\u00e7ar l\u2019any per als nostres joves regatistes de la classe Europa del CN [&hellip;]<\/p>\n","protected":false},"author":1,"featured_media":5530,"comment_status":"open","ping_status":"open","sticky":false,"template":"","format":"standard","meta":{"footnotes":""},"categories":[782],"tags":[],"class_list":["post-28629","post","type-post","status-publish","format-standard","has-post-thumbnail","hentry","category-esport"],"acf":[],"_links":{"self":[{"href":"https:\/\/www.cnelbalis.com\/ca\/wp-json\/wp\/v2\/posts\/28629","targetHints":{"allow":["GET"]}}],"collection":[{"href":"https:\/\/www.cnelbalis.com\/ca\/wp-json\/wp\/v2\/posts"}],"about":[{"href":"https:\/\/www.cnelbalis.com\/ca\/wp-json\/wp\/v2\/types\/post"}],"author":[{"embeddable":true,"href":"https:\/\/www.cnelbalis.com\/ca\/wp-json\/wp\/v2\/users\/1"}],"replies":[{"embeddable":true,"href":"https:\/\/www.cnelbalis.com\/ca\/wp-json\/wp\/v2\/comments?post=28629"}],"version-history":[{"count":1,"href":"https:\/\/www.cnelbalis.com\/ca\/wp-json\/wp\/v2\/posts\/28629\/revisions"}],"predecessor-version":[{"id":30623,"href":"https:\/\/www.cnelbalis.com\/ca\/wp-json\/wp\/v2\/posts\/28629\/revisions\/30623"}],"wp:featuredmedia":[{"embeddable":true,"href":"https:\/\/www.cnelbalis.com\/ca\/wp-json\/wp\/v2\/media\/5530"}],"wp:attachment":[{"href":"https:\/\/www.cnelbalis.com\/ca\/wp-json\/wp\/v2\/media?parent=28629"}],"wp:term":[{"taxonomy":"category","embeddable":true,"href":"https:\/\/www.cnelbalis.com\/ca\/wp-json\/wp\/v2\/categories?post=28629"},{"taxonomy":"post_tag","embeddable":true,"href":"https:\/\/www.cnelbalis.com\/ca\/wp-json\/wp\/v2\/tags?post=28629"}],"curies":[{"name":"wp","href":"https:\/\/api.w.org\/{rel}","templated":true}]}}