{"id":28628,"date":"2015-01-13T10:58:04","date_gmt":"2015-01-13T09:58:04","guid":{"rendered":"https:\/\/club.cnelbalis.com\/el-balis-distingeix-85-merits-esportius\/"},"modified":"2022-06-24T08:57:34","modified_gmt":"2022-06-24T06:57:34","slug":"el-balis-distingeix-85-merits-esportius","status":"publish","type":"post","link":"https:\/\/www.cnelbalis.com\/ca\/el-balis-distingeix-85-merits-esportius\/","title":{"rendered":"El Bal\u00eds distingeix 85 m\u00e8rits esportius"},"content":{"rendered":"<p>En l\u2019acte anual de presentaci\u00f3 dels equips de regata i distinci\u00f3 d\u2019esportistes, 46 regatistes van rebre l\u2019homenatge del Club gr\u00e0cies a la consecuci\u00f3 de 85 grans resultats. L\u2019acte va comptar amb l\u2019assist\u00e8ncia m\u00e9s d\u2019un centenar de persones. Creuer, monotips i vela lleugera acompanyats de t\u00e8cnics i les seves fam\u00edlies van mostrar el gran ventall de classes i regatistes que representen El Bal\u00eds en la seva secci\u00f3 de vela.<\/p>\n<p>46 esportistes van rebre, dissabte a la tarda, la distinci\u00f3 del club als regatistes. El Club distingia els millors resultats de l\u2019any 2014, un any molt prol\u00edfic entre les flotes del club llavanerenc entre el que podem trobar 15 podis en Campionats de Catalunya, 25 classificacions entre el top 5 en Campionats d\u2019Espanya i molts bons resultats internacionals; entre aquests han destacat especialment els 4 podis en campionats d\u2019Europa i 2 en mundials: el bronze dels Van der Ploeg (pare i fill) a l\u2019Europeu de J80 i el dels germans Charles a l\u2019europeu juvenil de 470, el Subcampionat d\u2019Europa i el campionat del m\u00f3n juvenil de F\u00f3rmula Kite de Florian Trittel i la distinci\u00f3 a Alfredo Bernad Campi\u00f3 d\u2019Europa de FX-One; Tania Bonilla i Marc Chapon van rebre la distinci\u00f3 pel 4t al mundial de 29er i l\u2019Albert Gelp\u00ed pel bronze al campionat del m\u00f3n d\u2019Optimist per equips.<\/p>\n<p>En un acte que va comptar amb la pres\u00e8ncia del President i el Comodor del club i tamb\u00e9 de l\u2019Alcalde de Sant Andreu de Llavaneres i del president de la Federaci\u00f3 Catalana de Vela, es va destacar la feina de totes les flotes durant el 2014: tant la dels esportistes com la dels t\u00e8cnics del club aix\u00ed com el suport i l\u2019empenta de les fam\u00edlies. Tots ells han contribu\u00eft a posar el nom del Bal\u00eds i Llavaneres en el panorama internacional.<\/p>\n<p>Va ser un acte amb somriures, emocions i aplaudiments, amb paraules dels capitans de flota que van descriure els seus equips amb orgull com a entusiastes de l\u2019esport de la vela. Cada distinci\u00f3 era un moment especial, per\u00f2 cal destacar-ne 3: el primer de tots quan els regatistes Jose Mar\u00eda Van der Ploeg Feriche, Alex Charles, i Albert Gelp\u00ed van ser aplaudits i homenatjats per l\u2019auditori per haver rebut la medalla d\u2019honor del COE l\u2019any 2013 \u2013 Carlos Robles, Florian Trittel i David Charles, els altres 3 condecorats del club, no van poder assistir a l\u2019acte per viatges esportius.<\/p>\n<p>El segon moment especial va venir de la m\u00e0 dels regatistes que van guanyar el Campionat d\u2019Espanya d\u2019Optimist per equips de club, que van lliurar al President del Club, Jordi Par\u00e9s, la placa de Campions d\u2019Espanya. Aprofitant aquest moment, els 15 esportistes que des del 2009 han assistit al campionat d\u2019Espanya per equips d\u2019Optimist i que en 3 ocasions han pujat al podi de la competici\u00f3 van acompanyar a la Magda Resano en una foto de fam\u00edlia i de reconeixement a la tasca de l\u2019entrenadora.<\/p>\n<p>El tercer moment va venir de la m\u00e0 del regatista Albert Gelp\u00ed que va recollir la seva distinci\u00f3 pels 9 t\u00edtols aconseguits aquest 2014 a la classe Optimist, amb l\u2019accent posat al 3r aconseguit al mundial d\u2019Optimist per equips, sens dubte una temporada meravellosa per acomiadar la classe infantil.<\/p>\n<p>El Bal\u00eds vol agrair a Hotel Atenea Port Matar\u00f3 i a Segura Viudas la seva col\u00b7laboraci\u00f3 amb l\u2019acte i la seva implicaci\u00f3 en el projecte de flotes.<\/p>\n<p><img loading=\"lazy\" decoding=\"async\" src=\"https:\/\/www.cnelbalis.com\/wp-content\/uploads\/vj-w\/-i\/11.jpg\" alt=\"11\" width=\"640\" height=\"426\" class=\"aligncenter size-full wp-image-5582\" \/><\/p>\n","protected":false},"excerpt":{"rendered":"<p>En l\u2019acte anual de presentaci\u00f3 dels equips de regata i distinci\u00f3 d\u2019esportistes, 46 regatistes van rebre l\u2019homenatge del Club gr\u00e0cies a la consecuci\u00f3 de 85 grans resultats. L\u2019acte va comptar amb l\u2019assist\u00e8ncia m\u00e9s d\u2019un centenar de persones. Creuer, monotips i vela lleugera acompanyats de t\u00e8cnics i les seves fam\u00edlies van mostrar el gran ventall de [&hellip;]<\/p>\n","protected":false},"author":1,"featured_media":5523,"comment_status":"open","ping_status":"open","sticky":false,"template":"","format":"standard","meta":{"footnotes":""},"categories":[782],"tags":[],"class_list":["post-28628","post","type-post","status-publish","format-standard","has-post-thumbnail","hentry","category-esport"],"acf":[],"_links":{"self":[{"href":"https:\/\/www.cnelbalis.com\/ca\/wp-json\/wp\/v2\/posts\/28628","targetHints":{"allow":["GET"]}}],"collection":[{"href":"https:\/\/www.cnelbalis.com\/ca\/wp-json\/wp\/v2\/posts"}],"about":[{"href":"https:\/\/www.cnelbalis.com\/ca\/wp-json\/wp\/v2\/types\/post"}],"author":[{"embeddable":true,"href":"https:\/\/www.cnelbalis.com\/ca\/wp-json\/wp\/v2\/users\/1"}],"replies":[{"embeddable":true,"href":"https:\/\/www.cnelbalis.com\/ca\/wp-json\/wp\/v2\/comments?post=28628"}],"version-history":[{"count":1,"href":"https:\/\/www.cnelbalis.com\/ca\/wp-json\/wp\/v2\/posts\/28628\/revisions"}],"predecessor-version":[{"id":30622,"href":"https:\/\/www.cnelbalis.com\/ca\/wp-json\/wp\/v2\/posts\/28628\/revisions\/30622"}],"wp:featuredmedia":[{"embeddable":true,"href":"https:\/\/www.cnelbalis.com\/ca\/wp-json\/wp\/v2\/media\/5523"}],"wp:attachment":[{"href":"https:\/\/www.cnelbalis.com\/ca\/wp-json\/wp\/v2\/media?parent=28628"}],"wp:term":[{"taxonomy":"category","embeddable":true,"href":"https:\/\/www.cnelbalis.com\/ca\/wp-json\/wp\/v2\/categories?post=28628"},{"taxonomy":"post_tag","embeddable":true,"href":"https:\/\/www.cnelbalis.com\/ca\/wp-json\/wp\/v2\/tags?post=28628"}],"curies":[{"name":"wp","href":"https:\/\/api.w.org\/{rel}","templated":true}]}}