{"id":28627,"date":"2015-02-15T10:54:27","date_gmt":"2015-02-15T09:54:27","guid":{"rendered":"https:\/\/club.cnelbalis.com\/vertigo-dos-subcampio-a-la-interclubs\/"},"modified":"2022-06-24T08:57:34","modified_gmt":"2022-06-24T06:57:34","slug":"vertigo-dos-subcampio-a-la-interclubs","status":"publish","type":"post","link":"https:\/\/www.cnelbalis.com\/ca\/vertigo-dos-subcampio-a-la-interclubs\/","title":{"rendered":"V\u00e9rtigo Dos Subcampi\u00f3 a la Interclubs"},"content":{"rendered":"<p>Els creuers de El Bal\u00eds tanquen la 40 edici\u00f3 de la Regata Interclubs amb una valoraci\u00f3 positiva de la regata.<\/p>\n<p>V\u00e9rtigo Dos ha aconseguit la segona posici\u00f3 al podi amb parcials de 5-2-2-3-2-3. Aquesta ha estat la millor embarcaci\u00f3 dels nostres creuers; tots ells han competit en la classe ORC 2 que ha comptat amb la participaci\u00f3 de 7 embarcacions entre El Bal\u00eds, d\u2019Arenys i el RCN de Barcelona.<\/p>\n<p>Desafino, patronejat per Ferran Aguirre, s\u2019ha quedat a les portes del podi amb parcials de 2-3-7-5-5-4. L&#8217;ha seguit l\u2019Hydra, d\u2019Oscar Chaves, amb parcials 4-5-6-6-3-5. Blue Marlin III de Diego Cascales ha finalitzat 6\u00e8 amb parcials de 7-7-1-7-6-6.<\/p>\n<p>Oscar Chaves ha declarat estar content: \u201cel vaixell est\u00e0 anant r\u00e0pid i tot i que estem satisfets sabem que ens falta entrenar, sobretot en les arriades. Ahir vam fer un 3r tot i tenir problemes amb l\u2019esp\u00ed. Al final de la competici\u00f3 podr\u00edem haver estat al podi.\u201d<\/p>\n<p>Des del V\u00e9rtigo Dos han explicat que \u201cestem bastant contents amb la segona posici\u00f3, aquest \u00e9s el grup amb el que competirem durant el mundial de ORC de Barcelona i per aix\u00f2 la regata ha estat important per a nosaltres\u201d, i \u00e9s que el mundial \u00e9s l\u2019objectiu del 2015 per a les tripulacions punteres de El Bal\u00eds; a l\u2019Hydra ja entrenen amb \u201cun equip nou amb gent motivada i esperem fer un bon paper al mundial. Anirem al God\u00f3 a entrenar i polir coses.\u201d<\/p>\n<p><img loading=\"lazy\" decoding=\"async\" src=\"https:\/\/www.cnelbalis.com\/wp-content\/uploads\/vj-w\/-i\/9.jpg\" alt=\"9\" width=\"640\" height=\"411\" class=\"aligncenter size-full wp-image-5571\" \/><\/p>\n","protected":false},"excerpt":{"rendered":"<p>Els creuers de El Bal\u00eds tanquen la 40 edici\u00f3 de la Regata Interclubs amb una valoraci\u00f3 positiva de la regata. V\u00e9rtigo Dos ha aconseguit la segona posici\u00f3 al podi amb parcials de 5-2-2-3-2-3. Aquesta ha estat la millor embarcaci\u00f3 dels nostres creuers; tots ells han competit en la classe ORC 2 que ha comptat amb [&hellip;]<\/p>\n","protected":false},"author":1,"featured_media":5515,"comment_status":"open","ping_status":"open","sticky":false,"template":"","format":"standard","meta":{"footnotes":""},"categories":[782],"tags":[],"class_list":["post-28627","post","type-post","status-publish","format-standard","has-post-thumbnail","hentry","category-esport"],"acf":[],"_links":{"self":[{"href":"https:\/\/www.cnelbalis.com\/ca\/wp-json\/wp\/v2\/posts\/28627","targetHints":{"allow":["GET"]}}],"collection":[{"href":"https:\/\/www.cnelbalis.com\/ca\/wp-json\/wp\/v2\/posts"}],"about":[{"href":"https:\/\/www.cnelbalis.com\/ca\/wp-json\/wp\/v2\/types\/post"}],"author":[{"embeddable":true,"href":"https:\/\/www.cnelbalis.com\/ca\/wp-json\/wp\/v2\/users\/1"}],"replies":[{"embeddable":true,"href":"https:\/\/www.cnelbalis.com\/ca\/wp-json\/wp\/v2\/comments?post=28627"}],"version-history":[{"count":1,"href":"https:\/\/www.cnelbalis.com\/ca\/wp-json\/wp\/v2\/posts\/28627\/revisions"}],"predecessor-version":[{"id":30621,"href":"https:\/\/www.cnelbalis.com\/ca\/wp-json\/wp\/v2\/posts\/28627\/revisions\/30621"}],"wp:featuredmedia":[{"embeddable":true,"href":"https:\/\/www.cnelbalis.com\/ca\/wp-json\/wp\/v2\/media\/5515"}],"wp:attachment":[{"href":"https:\/\/www.cnelbalis.com\/ca\/wp-json\/wp\/v2\/media?parent=28627"}],"wp:term":[{"taxonomy":"category","embeddable":true,"href":"https:\/\/www.cnelbalis.com\/ca\/wp-json\/wp\/v2\/categories?post=28627"},{"taxonomy":"post_tag","embeddable":true,"href":"https:\/\/www.cnelbalis.com\/ca\/wp-json\/wp\/v2\/tags?post=28627"}],"curies":[{"name":"wp","href":"https:\/\/api.w.org\/{rel}","templated":true}]}}