{"id":28626,"date":"2015-02-24T10:48:43","date_gmt":"2015-02-24T09:48:43","guid":{"rendered":"https:\/\/club.cnelbalis.com\/la-seleccio-catalana-compta-amb-4-balisencs\/"},"modified":"2022-06-24T08:57:34","modified_gmt":"2022-06-24T06:57:34","slug":"la-seleccio-catalana-compta-amb-4-balisencs","status":"publish","type":"post","link":"https:\/\/www.cnelbalis.com\/ca\/la-seleccio-catalana-compta-amb-4-balisencs\/","title":{"rendered":"La Selecci\u00f3 catalana compta amb 4 Balisencs"},"content":{"rendered":"<p>La selecci\u00f3 catalana de la classe Optimist compta amb 4 regatistes del Club N\u00e0utic El Bal\u00eds; amb el tancament del r\u00e0nquing aquest cap de setmana, 20 regatistes de la classe infantil Optimist representaran Catalunya a la Copa d\u2019Espanya que es celebrar\u00e0 a Vilagarcia de Arousa (Gal\u00edcia). <\/p>\n<p>D\u2019aquests 20, 4 regatistes formen part de l\u2019equip de regates de El Bal\u00eds, que un any m\u00e9s i ja en van 7, El Bal\u00eds classifica a 4 o m\u00e9s regatistes a la selecci\u00f3. Els noms d\u2019aquest any son:<br \/>\nIset Segura<br \/>\nArnau Gelp\u00ed<br \/>\nMariona Rahola<br \/>\nElisenda Rahola<\/p>\n<p>La Magda Resano, entrenadora de l\u2019equip i nomenada entrenadora de la selecci\u00f3 Catalana, ha felicitat a tots els nois: \u201ces un premio grande al trabajo y esfuerzo de varias temporadas!\u201d i ha aprofitat per fer una menci\u00f3 especial a en Gabi Cort\u00e9s, que \u201cha quedado el 18 del ranking general y cuando comenzamos la temporada estaba dentro del equipo, pero por cambios a mitad de temporada en la configuraci\u00f3n de la selecci\u00f3n, se ha quedado fuera por muy poco. A pelear por entrar para el campeonato, ya que ha trabajado como el que m\u00e1s!\u201d.<\/p>\n<p>Felicitats a tot l\u2019equip d\u2019Optimist i els seus entrenadors i fam\u00edlia, aquest \u00e9s un \u00e8xit de tots!!<\/p>\n<p><img loading=\"lazy\" decoding=\"async\" src=\"https:\/\/www.cnelbalis.com\/wp-content\/uploads\/vj-wp-import-export\/temp\/2015\/02\/5.jpg\" alt=\"5\" width=\"381\" height=\"267\" class=\"aligncenter size-full wp-image-5555\" \/><\/p>\n","protected":false},"excerpt":{"rendered":"<p>La selecci\u00f3 catalana de la classe Optimist compta amb 4 regatistes del Club N\u00e0utic El Bal\u00eds; amb el tancament del r\u00e0nquing aquest cap de setmana, 20 regatistes de la classe infantil Optimist representaran Catalunya a la Copa d\u2019Espanya que es celebrar\u00e0 a Vilagarcia de Arousa (Gal\u00edcia). D\u2019aquests 20, 4 regatistes formen part de l\u2019equip de [&hellip;]<\/p>\n","protected":false},"author":1,"featured_media":6056,"comment_status":"open","ping_status":"open","sticky":false,"template":"","format":"standard","meta":{"footnotes":""},"categories":[782],"tags":[],"class_list":["post-28626","post","type-post","status-publish","format-standard","has-post-thumbnail","hentry","category-esport"],"acf":[],"_links":{"self":[{"href":"https:\/\/www.cnelbalis.com\/ca\/wp-json\/wp\/v2\/posts\/28626","targetHints":{"allow":["GET"]}}],"collection":[{"href":"https:\/\/www.cnelbalis.com\/ca\/wp-json\/wp\/v2\/posts"}],"about":[{"href":"https:\/\/www.cnelbalis.com\/ca\/wp-json\/wp\/v2\/types\/post"}],"author":[{"embeddable":true,"href":"https:\/\/www.cnelbalis.com\/ca\/wp-json\/wp\/v2\/users\/1"}],"replies":[{"embeddable":true,"href":"https:\/\/www.cnelbalis.com\/ca\/wp-json\/wp\/v2\/comments?post=28626"}],"version-history":[{"count":1,"href":"https:\/\/www.cnelbalis.com\/ca\/wp-json\/wp\/v2\/posts\/28626\/revisions"}],"predecessor-version":[{"id":30620,"href":"https:\/\/www.cnelbalis.com\/ca\/wp-json\/wp\/v2\/posts\/28626\/revisions\/30620"}],"wp:featuredmedia":[{"embeddable":true,"href":"https:\/\/www.cnelbalis.com\/ca\/wp-json\/wp\/v2\/media\/6056"}],"wp:attachment":[{"href":"https:\/\/www.cnelbalis.com\/ca\/wp-json\/wp\/v2\/media?parent=28626"}],"wp:term":[{"taxonomy":"category","embeddable":true,"href":"https:\/\/www.cnelbalis.com\/ca\/wp-json\/wp\/v2\/categories?post=28626"},{"taxonomy":"post_tag","embeddable":true,"href":"https:\/\/www.cnelbalis.com\/ca\/wp-json\/wp\/v2\/tags?post=28626"}],"curies":[{"name":"wp","href":"https:\/\/api.w.org\/{rel}","templated":true}]}}