{"id":28623,"date":"2015-02-24T10:45:50","date_gmt":"2015-02-24T09:45:50","guid":{"rendered":"https:\/\/club.cnelbalis.com\/3-podis-dels-windsurf-a-salou\/"},"modified":"2022-06-24T08:57:34","modified_gmt":"2022-06-24T06:57:34","slug":"3-podis-dels-windsurf-a-salou","status":"publish","type":"post","link":"https:\/\/www.cnelbalis.com\/ca\/3-podis-dels-windsurf-a-salou\/","title":{"rendered":"3 podis dels windsurf a Salou"},"content":{"rendered":"<p>Salou ha acollit la seva primera regata de la classe Windsurf i ho ha fet amb \u00e8xit ja que un total de 19 regatistes han competit amb condicions de vents mitjos &#8211; forts. <\/p>\n<p>El primer dia van navegar amb vent de Mestral, que va comen\u00e7ar fluixet per\u00f2 que a la meitat de la primera prova ja van comen\u00e7ar a apar\u00e8ixer ratxes de 20 nusos. La 2a i 3a prova es van fer amb condicions encara m\u00e9s dures, vent ratxejat d&#8217;entre 15 i 25 nusos. La J\u00falia G\u00f3mez i el Marc Barrachina no van poder acabar les proves del dia. En Mart\u00ed Serr\u00e0 va aconseguir acabar la primera per\u00f2 la for\u00e7a del vent l\u2019hi va complicar la navegada i va haver de tornar. El Ferran Cornudella i l&#8217;Oscar Garcia, ambd\u00f3s amb RS:X, van navegar prou b\u00e9 i aguantant fins al final.<\/p>\n<p>El segon dia de competici\u00f3 va transc\u00f3rrer amb condicions molt semblants al dia anterior, per\u00f2 aquesta vegada encara m\u00e9s ratxejat, el vent anava de 7-8 nusos a 25. El Mart\u00ed va estar lluitant per acabar la primera prova per\u00f2 se li va trencar la vela i va haver de tornar a terra. Aix\u00ed que les classificacions, pels nostres regatistes, van quedar com el dia anterior&#8230; L\u2019Oscar i Ferran, a l&#8217;aigua, van seguir donant-ho tot.<\/p>\n<p>Aix\u00ed, despr\u00e9s de 6 proves celebrades, les classificacions finals deixen a Ferran Cornudella en segona posici\u00f3, seguit pel seu company de club \u00d2scar Garcia, ha aconseguit el bronze. En Mart\u00ed Serr\u00e0, a la categoria Sub-17 ha finalitzat 3r.<\/p>\n<p>Felicitats a tots els windsurfistes!<\/p>\n<p><img loading=\"lazy\" decoding=\"async\" src=\"https:\/\/www.cnelbalis.com\/wp-content\/uploads\/vj-w\/-i\/3.jpg\" alt=\"3\" width=\"640\" height=\"368\" class=\"aligncenter size-full wp-image-5542\" \/><\/p>\n","protected":false},"excerpt":{"rendered":"<p>Salou ha acollit la seva primera regata de la classe Windsurf i ho ha fet amb \u00e8xit ja que un total de 19 regatistes han competit amb condicions de vents mitjos &#8211; forts. El primer dia van navegar amb vent de Mestral, que va comen\u00e7ar fluixet per\u00f2 que a la meitat de la primera prova [&hellip;]<\/p>\n","protected":false},"author":1,"featured_media":4762,"comment_status":"open","ping_status":"open","sticky":false,"template":"","format":"standard","meta":{"footnotes":""},"categories":[782],"tags":[],"class_list":["post-28623","post","type-post","status-publish","format-standard","has-post-thumbnail","hentry","category-esport"],"acf":[],"_links":{"self":[{"href":"https:\/\/www.cnelbalis.com\/ca\/wp-json\/wp\/v2\/posts\/28623","targetHints":{"allow":["GET"]}}],"collection":[{"href":"https:\/\/www.cnelbalis.com\/ca\/wp-json\/wp\/v2\/posts"}],"about":[{"href":"https:\/\/www.cnelbalis.com\/ca\/wp-json\/wp\/v2\/types\/post"}],"author":[{"embeddable":true,"href":"https:\/\/www.cnelbalis.com\/ca\/wp-json\/wp\/v2\/users\/1"}],"replies":[{"embeddable":true,"href":"https:\/\/www.cnelbalis.com\/ca\/wp-json\/wp\/v2\/comments?post=28623"}],"version-history":[{"count":1,"href":"https:\/\/www.cnelbalis.com\/ca\/wp-json\/wp\/v2\/posts\/28623\/revisions"}],"predecessor-version":[{"id":30617,"href":"https:\/\/www.cnelbalis.com\/ca\/wp-json\/wp\/v2\/posts\/28623\/revisions\/30617"}],"wp:featuredmedia":[{"embeddable":true,"href":"https:\/\/www.cnelbalis.com\/ca\/wp-json\/wp\/v2\/media\/4762"}],"wp:attachment":[{"href":"https:\/\/www.cnelbalis.com\/ca\/wp-json\/wp\/v2\/media?parent=28623"}],"wp:term":[{"taxonomy":"category","embeddable":true,"href":"https:\/\/www.cnelbalis.com\/ca\/wp-json\/wp\/v2\/categories?post=28623"},{"taxonomy":"post_tag","embeddable":true,"href":"https:\/\/www.cnelbalis.com\/ca\/wp-json\/wp\/v2\/tags?post=28623"}],"curies":[{"name":"wp","href":"https:\/\/api.w.org\/{rel}","templated":true}]}}