{"id":28609,"date":"2016-02-22T16:24:51","date_gmt":"2016-02-22T15:24:51","guid":{"rendered":"https:\/\/club.cnelbalis.com\/arnau-gelpi-5e-a-loptimist-trophy\/"},"modified":"2022-06-24T08:57:30","modified_gmt":"2022-06-24T06:57:30","slug":"arnau-gelpi-5e-a-loptimist-trophy","status":"publish","type":"post","link":"https:\/\/www.cnelbalis.com\/ca\/arnau-gelpi-5e-a-loptimist-trophy\/","title":{"rendered":"Arnau Gelp\u00ed 5\u00e8 a l\u2019Optimist Trophy"},"content":{"rendered":"<p>Palam\u00f3s ha tancat el circuit Excellence Cup de regates Internacionals amb l\u2019Arnau finalitzant en 2a posici\u00f3.<\/p>\n<p>Gran \u00e8xit de l&#8217;Arnau Gelp\u00ed que acaba la International Palam\u00f3s Trophy en 5a posici\u00f3 (2n espanyol) i 2n de la Excellence Cup, on la regatista Iset Segura finalitza com a 1a f\u00e8mina, 6a de la general.<br \/>\nDestacar tamb\u00e9 la bona actuaci\u00f3 Tatan, Iset, Mariona, Pau i Miquel, entrant a la flota Or; un gran m\u00e8rit, doncs hi havia un alt nivell de regatistes de tot el mon.<\/p>\n<p>S&#8217;han pogut realitzar 8 proves amb totes les condicions de vent. La resta de l&#8217;equip ha aconseguit aquests resultats:<br \/>\n28 Tatan<br \/>\n47 Iset<br \/>\n76 Mariona<br \/>\n81 Pau<br \/>\n83 Miquel<br \/>\n119 M\u00f2nica<br \/>\n143 Jaume<br \/>\n157 Nico<br \/>\n225 Nora<br \/>\n282 Mar<br \/>\n339 Helena<br \/>\n354 Gerard<br \/>\n402 Victoria<br \/>\n450 Elisabet<br \/>\n458 Lucas<br \/>\n467 Daniela<br \/>\n468 Ale<br \/>\n501 Adriana<br \/>\n511 Guim<\/p>\n<p>Moltes felicitats a tots.<\/p>\n<p><img loading=\"lazy\" decoding=\"async\" src=\"https:\/\/www.cnelbalis.com\/wp-content\/uploads\/vj-w\/-i\/10-1.jpg\" alt=\"10\" width=\"320\" height=\"213\" class=\"alignright size-full wp-image-5290\" \/><\/p>\n","protected":false},"excerpt":{"rendered":"<p>Palam\u00f3s ha tancat el circuit Excellence Cup de regates Internacionals amb l\u2019Arnau finalitzant en 2a posici\u00f3. Gran \u00e8xit de l&#8217;Arnau Gelp\u00ed que acaba la International Palam\u00f3s Trophy en 5a posici\u00f3 (2n espanyol) i 2n de la Excellence Cup, on la regatista Iset Segura finalitza com a 1a f\u00e8mina, 6a de la general. Destacar tamb\u00e9 la [&hellip;]<\/p>\n","protected":false},"author":1,"featured_media":2473,"comment_status":"open","ping_status":"open","sticky":false,"template":"","format":"standard","meta":{"footnotes":""},"categories":[782],"tags":[],"class_list":["post-28609","post","type-post","status-publish","format-standard","has-post-thumbnail","hentry","category-esport"],"acf":[],"_links":{"self":[{"href":"https:\/\/www.cnelbalis.com\/ca\/wp-json\/wp\/v2\/posts\/28609","targetHints":{"allow":["GET"]}}],"collection":[{"href":"https:\/\/www.cnelbalis.com\/ca\/wp-json\/wp\/v2\/posts"}],"about":[{"href":"https:\/\/www.cnelbalis.com\/ca\/wp-json\/wp\/v2\/types\/post"}],"author":[{"embeddable":true,"href":"https:\/\/www.cnelbalis.com\/ca\/wp-json\/wp\/v2\/users\/1"}],"replies":[{"embeddable":true,"href":"https:\/\/www.cnelbalis.com\/ca\/wp-json\/wp\/v2\/comments?post=28609"}],"version-history":[{"count":1,"href":"https:\/\/www.cnelbalis.com\/ca\/wp-json\/wp\/v2\/posts\/28609\/revisions"}],"predecessor-version":[{"id":30605,"href":"https:\/\/www.cnelbalis.com\/ca\/wp-json\/wp\/v2\/posts\/28609\/revisions\/30605"}],"wp:featuredmedia":[{"embeddable":true,"href":"https:\/\/www.cnelbalis.com\/ca\/wp-json\/wp\/v2\/media\/2473"}],"wp:attachment":[{"href":"https:\/\/www.cnelbalis.com\/ca\/wp-json\/wp\/v2\/media?parent=28609"}],"wp:term":[{"taxonomy":"category","embeddable":true,"href":"https:\/\/www.cnelbalis.com\/ca\/wp-json\/wp\/v2\/categories?post=28609"},{"taxonomy":"post_tag","embeddable":true,"href":"https:\/\/www.cnelbalis.com\/ca\/wp-json\/wp\/v2\/tags?post=28609"}],"curies":[{"name":"wp","href":"https:\/\/api.w.org\/{rel}","templated":true}]}}