{"id":28555,"date":"2016-06-17T15:54:36","date_gmt":"2016-06-17T13:54:36","guid":{"rendered":"https:\/\/club.cnelbalis.com\/el-balis-ultimo-tren-para-italia-y-portugal\/"},"modified":"2022-06-24T08:57:20","modified_gmt":"2022-06-24T06:57:20","slug":"el-balis-ultimo-tren-para-italia-y-portugal","status":"publish","type":"post","link":"https:\/\/www.cnelbalis.com\/ca\/el-balis-ultimo-tren-para-italia-y-portugal\/","title":{"rendered":"El Bal\u00eds, \u00faltimo tren para Italia y Portugal"},"content":{"rendered":"<p>El Club N\u00e1utico El Bal\u00eds acoge a partir de hoy, y hasta el lunes 20 de junio, la Copa de Espa\u00f1a de Optimist, segunda y \u00faltima prueba nacional que determinar\u00e1 los equipos para el Mundial y Europeo de la clase<br \/>\nLa jornada de hoy ha estado centrado en la medici\u00f3n y control de los 143 barcos inscritos, algunos de ellos han salido al campo de regatas para realizar un entrenamiento. Por la tarde, a las 19:30 horas se ha celebrado la ceremonia de apertura en el Port El Bal\u00eds<\/p>\n<p>El Club N\u00e1utico El Bal\u00eds ya lo tiene todo listo para la gran fiesta de la vela infantil. El trabajo de meses y semanas del club del Maresme queda reflejado a partir de hoy, con la ceremonia de apertura, para acoger con garant\u00edas y una buena organizaci\u00f3n a los 143 regatistas representando a 13 Comunidades Aut\u00f3nomas, destacando entre ellas que son de aguas interiores, que se van a jugar algo m\u00e1s que la Copa de Espa\u00f1a.<\/p>\n<p>Por delante, hasta el lunes 20 de junio, los 143 regatistas tienen tres intensas jornadas de competici\u00f3n, en las que est\u00e1n programadas un total de 9 pruebas. La cita de El Bal\u00eds, con el inicio de las pruebas ma\u00f1ana, es la \u00faltima oportunidad para estar en los dos equipos que defender\u00e1n los colores de Espa\u00f1a en el Mundial de Portugal y en el Europeo de Italia.<\/p>\n<p>Estos ingredientes, a los que se a\u00f1ade el ranking oficial de AECIO IODA Espa\u00f1a, con una clasificaci\u00f3n muy apretada, hace que la cita del Maresme se presente muy re\u00f1ida en todos los aspectos. Marcado color canario en esta clasificaci\u00f3n provisional tras el Nacional disputado a finales de marzo en Las Palmas de Gran Canaria, en la que se proclam\u00f3 Samuel Benyto (RCN Gran Canaria) campe\u00f3n de Espa\u00f1a.<\/p>\n<p>El ranking de la clase est\u00e1 encabezado por Alberto Morales (RCN Arrecife), sumando 331 puntos. Morales concluy\u00f3 segundo en el Nacional pero sus mejores parciales hace que obtenga un punto m\u00e1s que Beneyto, segundo con 330. Pero no anda lejos el tercero de tabla, tambi\u00e9n del club canario, como es Rub\u00e9n Naranjo que cuenta con 14 puntos menos que el l\u00edder. Pero estos tres regatistas no son los \u00fanicos en ese top ten, sino que adem\u00e1s figuran otros dos, copando as\u00ed el 50% de ese ranking: Eduardo Ojeda (RCN Gran Canaria) es sexto con 282 puntos, seguido de Jos\u00e9 M\u00aa Batll\u00e9 (RCN Arrecife) que cuenta con 274 puntos.El resto de esos diez primeros queda cerrado con Mar\u00e7al Costa (CV Palam\u00f3s), cuarto sumando 306 puntos; Conrad Konitzer (CN S&#8217;Arenal), quinto con 299; Pablo Ru\u00edz (RCN Palma), octavo con 273; Manuel \u00c1lvarez-Dardet (CN Puerto Sherry), con 217 y Arnau Gelp\u00ed (CN El Bal\u00eds), d\u00e9cimo y sumando 268 puntos.<\/p>\n<p>En f\u00e9minas, Alba Trigo (RCN Sanxenxo) es la primera y con opciones de estar en Portugal. La gallega, que ya form\u00f3 parte del equipo Nacional en el Europeo de Gales 2015, figura en la 22\u00aa plaza de la general absoluta, sumando 220 puntos, los mismos con los que cuenta otra integrante del equipo espa\u00f1ol: Iset Segura (CN El Bal\u00eds), aunque \u00e9sta estuvo con el combinado Nacional en el Mundial de Polonia de ese mismo a\u00f1o. Carmen Losantos (RCN Gran Canaria) es la tercera en chicas, con 173 puntos. En SUB 13 el l\u00edder es Antonio Villal\u00f3n (RC Mediterr\u00e1neo), 16\u00ba en la general con 241 puntos, y con opciones de lograr uno de los dos billetes.<\/p>\n<p>Por lo que respecta a la competici\u00f3n en s\u00ed, en la tres jornadas el comit\u00e9 de regatas, liderado por Manel Llig\u00e9, ha previsto la se\u00f1al de atenci\u00f3n a la primera prueba del d\u00eda a las 13:00 horas, salvo cambios. La ceremonia de apertura, celebrada hoy en las instalaciones del Club N\u00e1utico El Bal\u00eds ha contado con la presencia Xavier Torres, presidente de la Federaci\u00f3n Catalana de Vela y vicepresidente de la Real Federaci\u00f3n Espa\u00f1ola de Vela; Xavier Garc\u00eda, Secretario de la clase Optimist Catalu\u00f1a, y Oriol Cornudella, Comodoro del CN El Bal\u00eds, entre otras personalidades.<\/p>\n<p><img loading=\"lazy\" decoding=\"async\" class=\"aligncenter size-full wp-image-4899\" src=\"https:\/\/www.cnelbalis.com\/wp-content\/uploads\/vj-w\/-i\/18.jpg\" alt=\"18\" width=\"320\" height=\"213\" \/><\/p>\n","protected":false},"excerpt":{"rendered":"<p>El Club N\u00e1utico El Bal\u00eds acoge a partir de hoy, y hasta el lunes 20 de junio, la Copa de Espa\u00f1a de Optimist, segunda y \u00faltima prueba nacional que determinar\u00e1 los equipos para el Mundial y Europeo de la clase La jornada de hoy ha estado centrado en la medici\u00f3n y control de los 143 [&hellip;]<\/p>\n","protected":false},"author":1,"featured_media":5582,"comment_status":"open","ping_status":"open","sticky":false,"template":"","format":"standard","meta":{"footnotes":""},"categories":[782],"tags":[],"class_list":["post-28555","post","type-post","status-publish","format-standard","has-post-thumbnail","hentry","category-esport"],"acf":[],"_links":{"self":[{"href":"https:\/\/www.cnelbalis.com\/ca\/wp-json\/wp\/v2\/posts\/28555","targetHints":{"allow":["GET"]}}],"collection":[{"href":"https:\/\/www.cnelbalis.com\/ca\/wp-json\/wp\/v2\/posts"}],"about":[{"href":"https:\/\/www.cnelbalis.com\/ca\/wp-json\/wp\/v2\/types\/post"}],"author":[{"embeddable":true,"href":"https:\/\/www.cnelbalis.com\/ca\/wp-json\/wp\/v2\/users\/1"}],"replies":[{"embeddable":true,"href":"https:\/\/www.cnelbalis.com\/ca\/wp-json\/wp\/v2\/comments?post=28555"}],"version-history":[{"count":1,"href":"https:\/\/www.cnelbalis.com\/ca\/wp-json\/wp\/v2\/posts\/28555\/revisions"}],"predecessor-version":[{"id":30576,"href":"https:\/\/www.cnelbalis.com\/ca\/wp-json\/wp\/v2\/posts\/28555\/revisions\/30576"}],"wp:featuredmedia":[{"embeddable":true,"href":"https:\/\/www.cnelbalis.com\/ca\/wp-json\/wp\/v2\/media\/5582"}],"wp:attachment":[{"href":"https:\/\/www.cnelbalis.com\/ca\/wp-json\/wp\/v2\/media?parent=28555"}],"wp:term":[{"taxonomy":"category","embeddable":true,"href":"https:\/\/www.cnelbalis.com\/ca\/wp-json\/wp\/v2\/categories?post=28555"},{"taxonomy":"post_tag","embeddable":true,"href":"https:\/\/www.cnelbalis.com\/ca\/wp-json\/wp\/v2\/tags?post=28555"}],"curies":[{"name":"wp","href":"https:\/\/api.w.org\/{rel}","templated":true}]}}