{"id":28542,"date":"2016-07-15T15:10:32","date_gmt":"2016-07-15T13:10:32","guid":{"rendered":"https:\/\/club.cnelbalis.com\/finalitza-el-mundial-dels-europe-a-torbole\/"},"modified":"2022-06-24T08:57:19","modified_gmt":"2022-06-24T06:57:19","slug":"finalitza-el-mundial-dels-europe-a-torbole","status":"publish","type":"post","link":"https:\/\/www.cnelbalis.com\/ca\/finalitza-el-mundial-dels-europe-a-torbole\/","title":{"rendered":"Finalitza el Mundial dels Europe a T\u00f3rbole"},"content":{"rendered":"<p>(15\/07\/2016) El regatista del CN El Bal\u00eds, Rafa Rabasa, ha finalitzat el Campionat del M\u00f3n de la classe Europa en una 23\u00aa posici\u00f3 i 2n espanyol a T\u00f3rbole (It\u00e0lia). <\/p>\n<p>La regata ha comptat amb un total de 86 participants masculins de 14 pa\u00efsos diferents i despr\u00e9s de 8 proves disputades, Rabasa ha aconseguit un 2n lloc a la darrera prova. Les condicions de tota la setmana han estat marcades per la imprevisibilitat del vent degut a les tempestes sofertes, la qual cosa ha provocat resultats molt irregulars a tota la flota. <\/p>\n<p>El 8 de juliol els regatistes de la classe Europa d\u2019El Bal\u00eds, Marc Tello i Oriol Arrufat, aconseguien la classificaci\u00f3 pel Mundial durant la \u201cOpen Week al Lago di Garda (T\u00f3rbole), unint-se als seus companys que ja havien estat pr\u00e8viament seleccionats, Rafa Rabasa i Joan Freixa. <\/p>\n<p>El primer dia de campionat i despr\u00e9s de les mediacions, Rafa Rabasa va aconseguir un 7\u00e8 lloc a la 1era prova del mundial. Aconseguint acabar la primera jornada en 14\u00e8 lloc.<\/p>\n<p>Les classificacions finals de la resta de l\u2019equip del CN El Bal\u00eds<br \/>\n&#8211; Joan Freixa 60\u00e8<br \/>\n&#8211; Oriol Arrufat 63\u00e8<br \/>\n&#8211; Marc Tello 72\u00e8<\/p>\n<p>Molt\u00edssimes felicitats als quatre!<\/p>\n<p><img loading=\"lazy\" decoding=\"async\" src=\"https:\/\/www.cnelbalis.com\/wp-content\/uploads\/vj-w\/-i\/6.jpg\" alt=\"6\" width=\"320\" height=\"240\" class=\"aligncenter size-full wp-image-4841\" \/><\/p>\n","protected":false},"excerpt":{"rendered":"<p>(15\/07\/2016) El regatista del CN El Bal\u00eds, Rafa Rabasa, ha finalitzat el Campionat del M\u00f3n de la classe Europa en una 23\u00aa posici\u00f3 i 2n espanyol a T\u00f3rbole (It\u00e0lia). La regata ha comptat amb un total de 86 participants masculins de 14 pa\u00efsos diferents i despr\u00e9s de 8 proves disputades, Rabasa ha aconseguit un 2n [&hellip;]<\/p>\n","protected":false},"author":1,"featured_media":2463,"comment_status":"open","ping_status":"open","sticky":false,"template":"","format":"standard","meta":{"footnotes":""},"categories":[782],"tags":[],"class_list":["post-28542","post","type-post","status-publish","format-standard","has-post-thumbnail","hentry","category-esport"],"acf":[],"_links":{"self":[{"href":"https:\/\/www.cnelbalis.com\/ca\/wp-json\/wp\/v2\/posts\/28542","targetHints":{"allow":["GET"]}}],"collection":[{"href":"https:\/\/www.cnelbalis.com\/ca\/wp-json\/wp\/v2\/posts"}],"about":[{"href":"https:\/\/www.cnelbalis.com\/ca\/wp-json\/wp\/v2\/types\/post"}],"author":[{"embeddable":true,"href":"https:\/\/www.cnelbalis.com\/ca\/wp-json\/wp\/v2\/users\/1"}],"replies":[{"embeddable":true,"href":"https:\/\/www.cnelbalis.com\/ca\/wp-json\/wp\/v2\/comments?post=28542"}],"version-history":[{"count":1,"href":"https:\/\/www.cnelbalis.com\/ca\/wp-json\/wp\/v2\/posts\/28542\/revisions"}],"predecessor-version":[{"id":30570,"href":"https:\/\/www.cnelbalis.com\/ca\/wp-json\/wp\/v2\/posts\/28542\/revisions\/30570"}],"wp:featuredmedia":[{"embeddable":true,"href":"https:\/\/www.cnelbalis.com\/ca\/wp-json\/wp\/v2\/media\/2463"}],"wp:attachment":[{"href":"https:\/\/www.cnelbalis.com\/ca\/wp-json\/wp\/v2\/media?parent=28542"}],"wp:term":[{"taxonomy":"category","embeddable":true,"href":"https:\/\/www.cnelbalis.com\/ca\/wp-json\/wp\/v2\/categories?post=28542"},{"taxonomy":"post_tag","embeddable":true,"href":"https:\/\/www.cnelbalis.com\/ca\/wp-json\/wp\/v2\/tags?post=28542"}],"curies":[{"name":"wp","href":"https:\/\/api.w.org\/{rel}","templated":true}]}}