{"id":28539,"date":"2016-07-26T15:01:19","date_gmt":"2016-07-26T13:01:19","guid":{"rendered":"https:\/\/club.cnelbalis.com\/eduard-ferrer-i-carlos-de-maqua-subcampions-del-mon-en-420-u17\/"},"modified":"2022-06-24T08:57:14","modified_gmt":"2022-06-24T06:57:14","slug":"eduard-ferrer-i-carlos-de-maqua-subcampions-del-mon-en-420-u17","status":"publish","type":"post","link":"https:\/\/www.cnelbalis.com\/ca\/eduard-ferrer-i-carlos-de-maqua-subcampions-del-mon-en-420-u17\/","title":{"rendered":"Eduard Ferrer i Carlos de Maqua, Subcampions del M\u00f3n en 420 U17"},"content":{"rendered":"<p>Entre els dies 15 i 23 de juliol s\u2019ha disputat a Marina Degli Aregia, San Remo (It\u00e0lia) el Campionat del M\u00f3n de 420, on els regatistes del Club N\u00e0utic El Bal\u00eds, Eduard Ferrer i Carlos de Maqua, han pujat al segon esgla\u00f3 del podi per proclamar-se Subcampions del M\u00f3n en 420 en la categoria Sub17.<\/p>\n<p>Lucas i Teo Par\u00e9s, tamb\u00e9 regatistes del nostre Club, han aconseguit una molt bona 8\u00aa posici\u00f3 en el Campionat.<\/p>\n<p>524 regatistes de 24 pa\u00efsos diferents s\u00f3n els que han estat competint amb 110 embarcacions de la flota 420 open, 84 amb 420 femen\u00ed i 68 amb 420 sub17. Els quals han disputat un total de 12 proves, amb 6 proves en la s\u00e8rie de qualificaci\u00f3 i 6 s\u00e8ries finals, descartant \u00fanicament una sola prova. Els Sub17 han competit en una sola s\u00e8rie de 12 proves. Durant la setmana els regatistes han passat per totes les condicions climatol\u00f2giques possibles.<\/p>\n<p>Cal destacar que l\u2019\u00e8xit aconseguit ha arribat despr\u00e9s d&#8217;una gran const\u00e0ncia, esfor\u00e7 i treball per part dels nostres regatistes del Club. Alex Charles, qui ha estat al costat dels Subcampions durant el Campionat, ha sigut la persona que els ha entrenat durant tota la temporada juntament amb el seu germ\u00e0 David Charles, qui enguany s\u2019han proclamat tamb\u00e9 Subcampions del M\u00f3n Junior de 470, Magda Resano i Andreu Vidiella.<\/p>\n<p><img loading=\"lazy\" decoding=\"async\" class=\"aligncenter size-full wp-image-4820\" src=\"https:\/\/www.cnelbalis.com\/wp-content\/uploads\/vj-w\/-i\/1.jpg\" alt=\"1\" width=\"320\" height=\"203\" \/><\/p>\n","protected":false},"excerpt":{"rendered":"<p>Entre els dies 15 i 23 de juliol s\u2019ha disputat a Marina Degli Aregia, San Remo (It\u00e0lia) el Campionat del M\u00f3n de 420, on els regatistes del Club N\u00e0utic El Bal\u00eds, Eduard Ferrer i Carlos de Maqua, han pujat al segon esgla\u00f3 del podi per proclamar-se Subcampions del M\u00f3n en 420 en la categoria Sub17. [&hellip;]<\/p>\n","protected":false},"author":1,"featured_media":2337,"comment_status":"open","ping_status":"open","sticky":false,"template":"","format":"standard","meta":{"footnotes":""},"categories":[782,23],"tags":[],"class_list":["post-28539","post","type-post","status-publish","format-standard","has-post-thumbnail","hentry","category-esport","category-vela"],"acf":[],"_links":{"self":[{"href":"https:\/\/www.cnelbalis.com\/ca\/wp-json\/wp\/v2\/posts\/28539","targetHints":{"allow":["GET"]}}],"collection":[{"href":"https:\/\/www.cnelbalis.com\/ca\/wp-json\/wp\/v2\/posts"}],"about":[{"href":"https:\/\/www.cnelbalis.com\/ca\/wp-json\/wp\/v2\/types\/post"}],"author":[{"embeddable":true,"href":"https:\/\/www.cnelbalis.com\/ca\/wp-json\/wp\/v2\/users\/1"}],"replies":[{"embeddable":true,"href":"https:\/\/www.cnelbalis.com\/ca\/wp-json\/wp\/v2\/comments?post=28539"}],"version-history":[{"count":1,"href":"https:\/\/www.cnelbalis.com\/ca\/wp-json\/wp\/v2\/posts\/28539\/revisions"}],"predecessor-version":[{"id":30568,"href":"https:\/\/www.cnelbalis.com\/ca\/wp-json\/wp\/v2\/posts\/28539\/revisions\/30568"}],"wp:featuredmedia":[{"embeddable":true,"href":"https:\/\/www.cnelbalis.com\/ca\/wp-json\/wp\/v2\/media\/2337"}],"wp:attachment":[{"href":"https:\/\/www.cnelbalis.com\/ca\/wp-json\/wp\/v2\/media?parent=28539"}],"wp:term":[{"taxonomy":"category","embeddable":true,"href":"https:\/\/www.cnelbalis.com\/ca\/wp-json\/wp\/v2\/categories?post=28539"},{"taxonomy":"post_tag","embeddable":true,"href":"https:\/\/www.cnelbalis.com\/ca\/wp-json\/wp\/v2\/tags?post=28539"}],"curies":[{"name":"wp","href":"https:\/\/api.w.org\/{rel}","templated":true}]}}