{"id":28520,"date":"2016-10-18T11:18:59","date_gmt":"2016-10-18T09:18:59","guid":{"rendered":"https:\/\/club.cnelbalis.com\/regatistes-del-balis-assisteixen-al-campionat-despanya-de-rsx-techno-raceboard-i-formula\/"},"modified":"2022-06-24T08:57:13","modified_gmt":"2022-06-24T06:57:13","slug":"regatistes-del-balis-assisteixen-al-campionat-despanya-de-rsx-techno-raceboard-i-formula","status":"publish","type":"post","link":"https:\/\/www.cnelbalis.com\/ca\/regatistes-del-balis-assisteixen-al-campionat-despanya-de-rsx-techno-raceboard-i-formula\/","title":{"rendered":"Regatistes del Bal\u00eds assisteixen al Campionat d\u2019Espanya de RS:X, Techno, Raceboard i Formula"},"content":{"rendered":"<p>Des del 13 al 16 d\u2019octubre s\u2019ha celebrat a la Platja de Carrion de Los Alc\u00e1zares (CN Mar Menor, M\u00farcia) el XIX Surfari Mar Menor coincidint amb el Campionat d\u2019Espanya de Windsurf. Per tant, m\u00e9s de 200 taules de surf comptant amb les diferents classes, RS:X, Techno, Raceboard i Formula, s\u2019han trobat per gaudir d\u2019unes bones i divertides condicions al Mar Menor.<\/p>\n<p>El Mar Menor \u00e9s popular pels seus bons vents t\u00e8rmics locals els quals, tot i la mala \u00e8poca de l\u2019any i fluixa previsi\u00f3, van permetre disputar la competici\u00f3 amb vents d\u2019entre 6 i 10 nusos.<\/p>\n<p>A la classe open infantil va debutar el nostre Jan Segura qui va deixar altres regatistes pel darrere, a base del seu esfor\u00e7 i aplicant el seu aprenentatge. A la classe Techno Sub 15, Javi Sim\u00f3 va classificar-se 15\u00e8. La progressi\u00f3 \u00e9s bona i ell ja mira cap als 10 primers.<\/p>\n<p>A la classe Techno Sub 17 va debutar Josep Maria Funallet que s\u2019est\u00e0 habituant a la nova gran vela 7.8, despr\u00e9s de deixar endarrere la seva etapa en iniciaci\u00f3, igual que l\u2019Oriol Vidal. Ambd\u00f3s, tot i que per portar poc temps en aquest esport, van ser capa\u00e7os de completar la majoria de les proves.<\/p>\n<p>A la classe RS:X 8.5, Ferran Cornudella va fer podi quedant 3er de la general, Dani Cort\u00e9s 13\u00e8 i J\u00falia G\u00f3mez 6\u00aa de les f\u00e8mines.<\/p>\n<p>Seguiu amb aquest esfor\u00e7 i arribareu lluny!<\/p>\n<p><img loading=\"lazy\" decoding=\"async\" class=\"alignnone size-medium wp-image-4025 aligncenter\" src=\"https:\/\/www.cnelbalis.com\/wp-content\/uploads\/vj-w\/-i\/f_604_c2105a615fd57a6e1c0_image7-770x513-300x200.jpg\" alt=\"f_604_c2105a615fd57a6e1c0_image7-770x513\" width=\"300\" height=\"200\" \/><\/p>\n","protected":false},"excerpt":{"rendered":"<p>Des del 13 al 16 d\u2019octubre s\u2019ha celebrat a la Platja de Carrion de Los Alc\u00e1zares (CN Mar Menor, M\u00farcia) el XIX Surfari Mar Menor coincidint amb el Campionat d\u2019Espanya de Windsurf. Per tant, m\u00e9s de 200 taules de surf comptant amb les diferents classes, RS:X, Techno, Raceboard i Formula, s\u2019han trobat per gaudir d\u2019unes [&hellip;]<\/p>\n","protected":false},"author":1,"featured_media":0,"comment_status":"open","ping_status":"open","sticky":false,"template":"","format":"standard","meta":{"footnotes":""},"categories":[23],"tags":[104,105],"class_list":["post-28520","post","type-post","status-publish","format-standard","hentry","category-vela","tag-mar-menor","tag-windsurf"],"acf":[],"_links":{"self":[{"href":"https:\/\/www.cnelbalis.com\/ca\/wp-json\/wp\/v2\/posts\/28520","targetHints":{"allow":["GET"]}}],"collection":[{"href":"https:\/\/www.cnelbalis.com\/ca\/wp-json\/wp\/v2\/posts"}],"about":[{"href":"https:\/\/www.cnelbalis.com\/ca\/wp-json\/wp\/v2\/types\/post"}],"author":[{"embeddable":true,"href":"https:\/\/www.cnelbalis.com\/ca\/wp-json\/wp\/v2\/users\/1"}],"replies":[{"embeddable":true,"href":"https:\/\/www.cnelbalis.com\/ca\/wp-json\/wp\/v2\/comments?post=28520"}],"version-history":[{"count":1,"href":"https:\/\/www.cnelbalis.com\/ca\/wp-json\/wp\/v2\/posts\/28520\/revisions"}],"predecessor-version":[{"id":30551,"href":"https:\/\/www.cnelbalis.com\/ca\/wp-json\/wp\/v2\/posts\/28520\/revisions\/30551"}],"wp:attachment":[{"href":"https:\/\/www.cnelbalis.com\/ca\/wp-json\/wp\/v2\/media?parent=28520"}],"wp:term":[{"taxonomy":"category","embeddable":true,"href":"https:\/\/www.cnelbalis.com\/ca\/wp-json\/wp\/v2\/categories?post=28520"},{"taxonomy":"post_tag","embeddable":true,"href":"https:\/\/www.cnelbalis.com\/ca\/wp-json\/wp\/v2\/tags?post=28520"}],"curies":[{"name":"wp","href":"https:\/\/api.w.org\/{rel}","templated":true}]}}