{"id":28510,"date":"2016-10-01T19:18:15","date_gmt":"2016-10-01T17:18:15","guid":{"rendered":"https:\/\/club.cnelbalis.com\/limmens-dalexandre-laplaza-lidera-el-gran-premi-el-balis\/"},"modified":"2022-06-24T08:57:07","modified_gmt":"2022-06-24T06:57:07","slug":"limmens-dalexandre-laplaza-lidera-el-gran-premi-el-balis","status":"publish","type":"post","link":"https:\/\/www.cnelbalis.com\/ca\/limmens-dalexandre-laplaza-lidera-el-gran-premi-el-balis\/","title":{"rendered":"&#8220;L\u2019Immens&#8221; d\u2019Alexandre Laplaza lidera el Gran Premi El Bal\u00eds"},"content":{"rendered":"<p><strong><em>\u2022 Entre les 13h i 13:30h s\u2019han donat les tres senyals de sortida, una per cada grup corresponent, amb set embarcacions a la flota ORC 0-1 amb tripulaci\u00f3, nou a l\u2019ORC 2-3 i vuit al Grup Comodor. <\/em><\/strong><br \/>\n<strong><em>\u2022 Lideren la classificaci\u00f3 \u201cL\u2019Immens\u201d d\u2019Alexandre Laplaza (RCNB), \u201cTramendu\u201d de Salvador Vieta (RCNB) i el \u201cVertigo Dos\u201d d\u2019Antoni Guasch (CNEB).<\/em> <\/strong><\/p>\n<p>El Gran Premi El Bal\u00eds ha comen\u00e7at amb una jornada marcada per un vent estable del 210 i amb una intensitat d\u2019entre 10 i 16 nusos que ha perm\u00e8s realitzar dues proves per grup. La senyal de sortida s\u2019ha donat a l\u2019hora prevista, a les 13h pel Grup Comodor quan el vent es situava als 10 nusos.<\/p>\n<p>La flota m\u00e9s nombrosa, ORC Grup 2-3, la lidera \u201cL\u2019Immens\u201d d\u2019Alexandre Laplaza per davant del \u201cTramendu\u201d (ambd\u00f3s del RCN Barcelona) i en tercera posici\u00f3 \u201cVertigo Dos\u201d d\u2019Antonio Guasch.<br \/>\nReferent a la flota ORC 0-1 ha viscut una emocionant jornada, la regata ha estat molt renyida entre l\u2019actual vencedor del grup, l\u2019Hydra d\u2019Oscar Chavez (CNEB), el \u201cDes-Ahogo\u201d de Maria Millan (RCNB) i el \u201cBlue\u201d de Diana Corominas (RCNB).<\/p>\n<p>Pel que fa al Grup Comodor, \u201cKiwi IV\u201d de Wladimir Padr\u00f3s (CNEB) ha estat el guanyador de la primera prova, seguit pel \u201cZigZag II\u201d de Luisa Stampa i pel \u201cMach\u201d de Joan Albert Lagarda. Lidera la classificaci\u00f3 el \u201cKiwi IV, el \u201cZigzag II\u201d i el \u201cDesafino\u201d de Miquel Colomer (CNEB).<\/p>\n<p>Durant el transcurs de la segona prova s\u2019han registrat canvis, quan les embarcacions \u201cCMR\u201d d\u2019Oriol Cornudella (CNEB) i \u201cDimna\u201d de Guillermo Diaz, s\u2019han vist obligades a abandonar la regata.<br \/>\nPer dem\u00e0 hi ha previstes dues proves m\u00e9s amb condicions de vent m\u00e9s suaus. La regata est\u00e0 organitzada pel Club N\u00e0utic El Bal\u00eds i compta amb el patrocini de Repsol, Plastimo, Dr. Sails, Esponaler, Club del Cep, Restaurant Santa Marta i Easy Coktails.<\/p>\n<div id='gallery-1' class='gallery galleryid-28510 gallery-columns-3 gallery-size-thumbnail'><figure class='gallery-item'>\n\t\t\t<div class='gallery-icon landscape'>\n\t\t\t\t<a href='https:\/\/www.cnelbalis.com\/ca\/michaelkurtzphoto-com-2\/'><img loading=\"lazy\" decoding=\"async\" width=\"150\" height=\"150\" src=\"https:\/\/www.cnelbalis.com\/wp-content\/uploads\/vj-w\/-i\/Finn-Master-o17-top-113-1024x708-150x150.jpg\" class=\"attachment-thumbnail size-thumbnail\" alt=\"\" aria-describedby=\"gallery-1-3635\" \/><\/a>\n\t\t\t<\/div>\n\t\t\t\t<figcaption class='wp-caption-text gallery-caption' id='gallery-1-3635'>\n\t\t\t\tmichaelkurtzphoto.com\n\t\t\t\t<\/figcaption><\/figure><figure class='gallery-item'>\n\t\t\t<div class='gallery-icon portrait'>\n\t\t\t\t<a href='https:\/\/www.cnelbalis.com\/ca\/estrategia-regata-altura-722x1024-2\/'><img loading=\"lazy\" decoding=\"async\" width=\"150\" height=\"150\" src=\"https:\/\/www.cnelbalis.com\/wp-content\/uploads\/vj-w\/-i\/ESTRATEGIA-REGATA-ALTURA-722x1024-150x150.jpg\" class=\"attachment-thumbnail size-thumbnail\" alt=\"\" \/><\/a>\n\t\t\t<\/div><\/figure>\n\t\t<\/div>\n\n","protected":false},"excerpt":{"rendered":"<p>\u2022 Entre les 13h i 13:30h s\u2019han donat les tres senyals de sortida, una per cada grup corresponent, amb set embarcacions a la flota ORC 0-1 amb tripulaci\u00f3, nou a l\u2019ORC 2-3 i vuit al Grup Comodor. \u2022 Lideren la classificaci\u00f3 \u201cL\u2019Immens\u201d d\u2019Alexandre Laplaza (RCNB), \u201cTramendu\u201d de Salvador Vieta (RCNB) i el \u201cVertigo Dos\u201d d\u2019Antoni [&hellip;]<\/p>\n","protected":false},"author":1,"featured_media":0,"comment_status":"open","ping_status":"open","sticky":false,"template":"","format":"standard","meta":{"footnotes":""},"categories":[23],"tags":[61,94,76,52],"class_list":["post-28510","post","type-post","status-publish","format-standard","hentry","category-vela","tag-creuer","tag-gran-premi-el-balis","tag-regata","tag-vela"],"acf":[],"_links":{"self":[{"href":"https:\/\/www.cnelbalis.com\/ca\/wp-json\/wp\/v2\/posts\/28510","targetHints":{"allow":["GET"]}}],"collection":[{"href":"https:\/\/www.cnelbalis.com\/ca\/wp-json\/wp\/v2\/posts"}],"about":[{"href":"https:\/\/www.cnelbalis.com\/ca\/wp-json\/wp\/v2\/types\/post"}],"author":[{"embeddable":true,"href":"https:\/\/www.cnelbalis.com\/ca\/wp-json\/wp\/v2\/users\/1"}],"replies":[{"embeddable":true,"href":"https:\/\/www.cnelbalis.com\/ca\/wp-json\/wp\/v2\/comments?post=28510"}],"version-history":[{"count":1,"href":"https:\/\/www.cnelbalis.com\/ca\/wp-json\/wp\/v2\/posts\/28510\/revisions"}],"predecessor-version":[{"id":30541,"href":"https:\/\/www.cnelbalis.com\/ca\/wp-json\/wp\/v2\/posts\/28510\/revisions\/30541"}],"wp:attachment":[{"href":"https:\/\/www.cnelbalis.com\/ca\/wp-json\/wp\/v2\/media?parent=28510"}],"wp:term":[{"taxonomy":"category","embeddable":true,"href":"https:\/\/www.cnelbalis.com\/ca\/wp-json\/wp\/v2\/categories?post=28510"},{"taxonomy":"post_tag","embeddable":true,"href":"https:\/\/www.cnelbalis.com\/ca\/wp-json\/wp\/v2\/tags?post=28510"}],"curies":[{"name":"wp","href":"https:\/\/api.w.org\/{rel}","templated":true}]}}