{"id":28505,"date":"2016-09-20T09:56:31","date_gmt":"2016-09-20T07:56:31","guid":{"rendered":"https:\/\/club.cnelbalis.com\/florian-trittel-cinque-en-el-mundial-de-formula-kite\/"},"modified":"2022-06-24T08:57:07","modified_gmt":"2022-06-24T06:57:07","slug":"florian-trittel-cinque-en-el-mundial-de-formula-kite","status":"publish","type":"post","link":"https:\/\/www.cnelbalis.com\/ca\/florian-trittel-cinque-en-el-mundial-de-formula-kite\/","title":{"rendered":"Florian Trittel, cinqu\u00e8 en el Mundial de F\u00f3rmula Kite"},"content":{"rendered":"<p>El passat 15 de setembre va finalitzar el Campionat del M\u00f3n de Kitefoil que es disputava a Weifang (Xina) des del 9 de setembre on el catal\u00e0 Florian Trittel es va classificar cinqu\u00e8.<br \/>\n60 riders de 19 pa\u00efsos van participar en l&#8217;esdeveniment m\u00e9s important de l&#8217;any de la classe Kitefoil organitzada per l&#8217;IKA (International Kiteboarding Association) i que aspira a ser ol\u00edmpica en els pr\u00f2xims Jocs Ol\u00edmpics de T\u00f2quio 2020.<\/p>\n<p>Les condicions durant la setmana de competici\u00f3 van ser bastant exigents, ja que la majoria de les proves es van realitzar amb vents molt fluixos. Totes les mirades estaven posades en les recents innovacions d&#8217;estels i foils que actualment estan experimentant una evoluci\u00f3 molt din\u00e0mica permetent considerables difer\u00e8ncies de velocitat en segons quines condicions de vent i de rumb (cenyida o trav\u00e9s).<\/p>\n<p>Des del primer dia de campionat, el regatista Florian Trittel de l&#8217;Equip MOVISTAR es va col\u00b7locar set\u00e8 entrant m\u00e9s endavant en el grup or igual que l&#8217;altre participant espanyol Alejandro Climent. Mentre que aquest finalment es va classificar 15\u00e8, Trittel va passar a la s\u00e8rie de Medal Races l&#8217;\u00faltim dia en quart lloc, posici\u00f3 que nom\u00e9s perdria en l&#8217;\u00faltima m\u00e0nega a causa de la frenada per un grapat d&#8217;algues que va permetre que el franc\u00e8s Nico Parlier l&#8217;avanc\u00e9s en aquesta prova i tamb\u00e9 en la classificaci\u00f3 general. Tot i aix\u00f2, amb el cinqu\u00e8 lloc, el regatista del CN el Bal\u00eds va poder millorar clarament el seu objectiu del Top 7 i consolidar-se entre els millors corredors del m\u00f3n en aquesta velo\u00e7 i jove disciplina n\u00e0utica amb vocaci\u00f3 ol\u00edmpica.<\/p>\n<div id='gallery-1' class='gallery galleryid-28505 gallery-columns-3 gallery-size-thumbnail'><figure class='gallery-item'>\n\t\t\t<div class='gallery-icon landscape'>\n\t\t\t\t<a href='https:\/\/www.cnelbalis.com\/ca\/20451820_1569219209784324_897416183849235549_o-1024x759-2\/'><img loading=\"lazy\" decoding=\"async\" width=\"150\" height=\"150\" src=\"https:\/\/www.cnelbalis.com\/wp-content\/uploads\/vj-w\/-i\/20451820_1569219209784324_897416183849235549_o-1024x759-150x150.jpg\" class=\"attachment-thumbnail size-thumbnail\" alt=\"\" \/><\/a>\n\t\t\t<\/div><\/figure>\n\t\t<\/div>\n\n","protected":false},"excerpt":{"rendered":"<p>El passat 15 de setembre va finalitzar el Campionat del M\u00f3n de Kitefoil que es disputava a Weifang (Xina) des del 9 de setembre on el catal\u00e0 Florian Trittel es va classificar cinqu\u00e8. 60 riders de 19 pa\u00efsos van participar en l&#8217;esdeveniment m\u00e9s important de l&#8217;any de la classe Kitefoil organitzada per l&#8217;IKA (International Kiteboarding [&hellip;]<\/p>\n","protected":false},"author":1,"featured_media":0,"comment_status":"open","ping_status":"open","sticky":false,"template":"","format":"standard","meta":{"footnotes":""},"categories":[23],"tags":[87,88],"class_list":["post-28505","post","type-post","status-publish","format-standard","hentry","category-vela","tag-kite","tag-trittel"],"acf":[],"_links":{"self":[{"href":"https:\/\/www.cnelbalis.com\/ca\/wp-json\/wp\/v2\/posts\/28505","targetHints":{"allow":["GET"]}}],"collection":[{"href":"https:\/\/www.cnelbalis.com\/ca\/wp-json\/wp\/v2\/posts"}],"about":[{"href":"https:\/\/www.cnelbalis.com\/ca\/wp-json\/wp\/v2\/types\/post"}],"author":[{"embeddable":true,"href":"https:\/\/www.cnelbalis.com\/ca\/wp-json\/wp\/v2\/users\/1"}],"replies":[{"embeddable":true,"href":"https:\/\/www.cnelbalis.com\/ca\/wp-json\/wp\/v2\/comments?post=28505"}],"version-history":[{"count":1,"href":"https:\/\/www.cnelbalis.com\/ca\/wp-json\/wp\/v2\/posts\/28505\/revisions"}],"predecessor-version":[{"id":30536,"href":"https:\/\/www.cnelbalis.com\/ca\/wp-json\/wp\/v2\/posts\/28505\/revisions\/30536"}],"wp:attachment":[{"href":"https:\/\/www.cnelbalis.com\/ca\/wp-json\/wp\/v2\/media?parent=28505"}],"wp:term":[{"taxonomy":"category","embeddable":true,"href":"https:\/\/www.cnelbalis.com\/ca\/wp-json\/wp\/v2\/categories?post=28505"},{"taxonomy":"post_tag","embeddable":true,"href":"https:\/\/www.cnelbalis.com\/ca\/wp-json\/wp\/v2\/tags?post=28505"}],"curies":[{"name":"wp","href":"https:\/\/api.w.org\/{rel}","templated":true}]}}