{"id":28501,"date":"2016-09-14T10:06:07","date_gmt":"2016-09-14T08:06:07","guid":{"rendered":"https:\/\/club.cnelbalis.com\/tercers-al-campionat-despanya-doptimist-de-team-racing\/"},"modified":"2022-06-24T08:57:07","modified_gmt":"2022-06-24T06:57:07","slug":"tercers-al-campionat-despanya-doptimist-de-team-racing","status":"publish","type":"post","link":"https:\/\/www.cnelbalis.com\/ca\/tercers-al-campionat-despanya-doptimist-de-team-racing\/","title":{"rendered":"Tercers al Campionat d\u2019Espanya d\u2019Optimist de team Racing"},"content":{"rendered":"<p>L&#8217;equip d&#8217;Optimist del Bal\u00eds es va classificar tercer en el Campionat d&#8217;Espanya per Equips de Clubs de la classe Optimist a la Badia de Palma sota l\u2019organitzaci\u00f3 del Club de Mar Mallorca. Aquest campionat, que va comen\u00e7ar a disputar-se el dijous 1 de setembre, va comptar amb set clubs n\u00e0utics i 35 regatistes. El podi el van completar el CN S&#8217;Arenal, en primera posici\u00f3, i el RCNG Canaria, en segona.<\/p>\n<p>L\u2019equip, format per Arnau Gelp\u00ed, Nora Lasurt, Miquel P\u00e9rez, Mariona Rahola i M\u00f2nica Veenhoven, han representat al CN El Bal\u00eds, aix\u00ed com a l\u2019equip Catal\u00e0. A la primera jornada, el CN El Bal\u00eds es va posicionar en primer lloc en comptar amb cinc vict\u00f2ries i una derrota. L&#8217;entitat mallorquina s&#8217;havia classificat en tercera posici\u00f3 despr\u00e9s de la fase pr\u00e8via i l&#8217;\u00faltim dia es va enfrontar en la semifinal al Club N\u00e1utic El Bal\u00eds, al qual va derrotar per 2-1.<\/p>\n<p>La final de consolaci\u00f3 entre el Club N\u00e1utic El Bal\u00eds i el Real Club N\u00e0utic de Torrevieja es va decidir a favor dels catalans, que es van penjar la medalla de bronze despr\u00e9s d&#8217;haver acabat en primera posici\u00f3 la jornada inaugural del campionat.<\/p>\n<p>Felicitar a l\u2019entrenadora, Lola Resano, i a tots els membres de l\u2019equip pel magn\u00edfic treball i posici\u00f3 assolida.<\/p>\n<p>&nbsp;<\/p>\n<div id='gallery-1' class='gallery galleryid-28501 gallery-columns-3 gallery-size-thumbnail'><figure class='gallery-item'>\n\t\t\t<div class='gallery-icon landscape'>\n\t\t\t\t<a href='https:\/\/www.cnelbalis.com\/ca\/img-20161105-wa0012-1-300x225-2\/'><img loading=\"lazy\" decoding=\"async\" width=\"150\" height=\"150\" src=\"https:\/\/www.cnelbalis.com\/wp-content\/uploads\/vj-w\/-i\/IMG-20161105-WA0012-1-300x225-150x150.jpg\" class=\"attachment-thumbnail size-thumbnail\" alt=\"\" \/><\/a>\n\t\t\t<\/div><\/figure>\n\t\t<\/div>\n\n","protected":false},"excerpt":{"rendered":"<p>L&#8217;equip d&#8217;Optimist del Bal\u00eds es va classificar tercer en el Campionat d&#8217;Espanya per Equips de Clubs de la classe Optimist a la Badia de Palma sota l\u2019organitzaci\u00f3 del Club de Mar Mallorca. Aquest campionat, que va comen\u00e7ar a disputar-se el dijous 1 de setembre, va comptar amb set clubs n\u00e0utics i 35 regatistes. El podi [&hellip;]<\/p>\n","protected":false},"author":1,"featured_media":0,"comment_status":"open","ping_status":"open","sticky":false,"template":"","format":"standard","meta":{"footnotes":""},"categories":[23],"tags":[66,78,79,32,76,52],"class_list":["post-28501","post","type-post","status-publish","format-standard","hentry","category-vela","tag-campionat","tag-equips","tag-espanya","tag-optimist","tag-regata","tag-vela"],"acf":[],"_links":{"self":[{"href":"https:\/\/www.cnelbalis.com\/ca\/wp-json\/wp\/v2\/posts\/28501","targetHints":{"allow":["GET"]}}],"collection":[{"href":"https:\/\/www.cnelbalis.com\/ca\/wp-json\/wp\/v2\/posts"}],"about":[{"href":"https:\/\/www.cnelbalis.com\/ca\/wp-json\/wp\/v2\/types\/post"}],"author":[{"embeddable":true,"href":"https:\/\/www.cnelbalis.com\/ca\/wp-json\/wp\/v2\/users\/1"}],"replies":[{"embeddable":true,"href":"https:\/\/www.cnelbalis.com\/ca\/wp-json\/wp\/v2\/comments?post=28501"}],"version-history":[{"count":1,"href":"https:\/\/www.cnelbalis.com\/ca\/wp-json\/wp\/v2\/posts\/28501\/revisions"}],"predecessor-version":[{"id":30532,"href":"https:\/\/www.cnelbalis.com\/ca\/wp-json\/wp\/v2\/posts\/28501\/revisions\/30532"}],"wp:attachment":[{"href":"https:\/\/www.cnelbalis.com\/ca\/wp-json\/wp\/v2\/media?parent=28501"}],"wp:term":[{"taxonomy":"category","embeddable":true,"href":"https:\/\/www.cnelbalis.com\/ca\/wp-json\/wp\/v2\/categories?post=28501"},{"taxonomy":"post_tag","embeddable":true,"href":"https:\/\/www.cnelbalis.com\/ca\/wp-json\/wp\/v2\/tags?post=28501"}],"curies":[{"name":"wp","href":"https:\/\/api.w.org\/{rel}","templated":true}]}}