{"id":28491,"date":"2016-08-19T10:17:15","date_gmt":"2016-08-19T08:17:15","guid":{"rendered":"https:\/\/club.cnelbalis.com\/competicio-social-de-natacio-2016\/"},"modified":"2022-06-24T08:57:01","modified_gmt":"2022-06-24T06:57:01","slug":"competicio-social-de-natacio-2016","status":"publish","type":"post","link":"https:\/\/www.cnelbalis.com\/ca\/competicio-social-de-natacio-2016\/","title":{"rendered":"Competici\u00f3 social de nataci\u00f3 2016"},"content":{"rendered":"<p>El diumenge 28 d\u2019agost celebrem al CN El Bal\u00eds la competici\u00f3 social de Nataci\u00f3 on tots els socis i els alumnes d\u2019aquest estiu del curs de nataci\u00f3 estan m\u00e9s que convidats!<br \/>\nNo es tracta d\u2019una competici\u00f3 oficial, sin\u00f3 una festa esportiva a la piscina del Club amb un fi divertit i l\u00fadic.<\/p>\n<p><strong>Programa:<\/strong><br \/>\n10:30 Verificaci\u00f3 inscripcions<br \/>\n10:45 Inici series per categories<br \/>\nA continuaci\u00f3: Repartiment de medalles a la piscina als 3 primers classificats en cada categoria y a la resta de participants.<br \/>\nA continuaci\u00f3: Aperitiu a la platja<\/p>\n<p><strong>Notes:<\/strong><br \/>\nA la taula d\u2019inscripcions s\u2019informar\u00e0 de la categoria a la qu\u00e8 pots participar. A m\u00e9s a m\u00e9s estaran dividides entre masculines i femenines.<br \/>\nResum de categories i nombre de piscines:<\/p>\n<p>1- 1 a 3 anys (2013-2015) 1 piscina + material auxiliar + guia (el nen pot nedar amb l\u2019ajuda del guia)<br \/>\n2- 4 a 5 anys (2011,2012) 1 piscina + material auxiliar<br \/>\n3- 6 a 7 anys (2009,2010) 1 piscina<br \/>\n4- 8 a 9 anys (2007,2008) 1 piscina<br \/>\n5- 10 a 13 anys (2006-2003) 1 piscina<br \/>\n6- 14 a 17 anys (2002-1999) 2 piscines<br \/>\n7- 18 a 24 anys (1998-1992) 2 piscines<br \/>\n8- 25 a 30 anys (1991-1986) 2 piscines<br \/>\n9- 31 a 39 anys (1985-1997) 2 piscines<br \/>\n10- 40 a 49 anys (1976-1967) 1 piscina<br \/>\n11- 50 a 59 anys (1966-1957) 1 piscina<br \/>\n12- M\u00e9s de 60 anys (1956&#8230;) 1 piscina<\/p>\n<p><strong>Per cada categoria:<\/strong><br \/>\nLes inscripcions es tancaran 5 minuts abans de l\u2019inici de les s\u00e8ries.<br \/>\nCada participant competir\u00e0 en una \u00fanica ocasi\u00f3. S\u2019agafaran el temps per decidir directament la classificaci\u00f3 final. No hi haur\u00e0, per tant, s\u00e8ries classificat\u00f2ries per una final.<br \/>\nHi haur\u00e0 tantes s\u00e8ries finals com requereixi el nombre d\u2019inscrits.<br \/>\nUna s\u00e8rie-final ocupar\u00e0 total o parcialment el n\u00famero de carrerons disponibles.<br \/>\nS\u2019intentar\u00e0 que tots els participants en una s\u00e8rie-final siguin masculins o femenins, per\u00f2 no es descarta una s\u00e8rie final mixta (en aquest cas els temps de cada participant comptar\u00e0 a la seva corresponent categoria)<br \/>\nNom\u00e9s seran v\u00e0lids els temps recollits pels membres de l\u2019equip de l\u2019organitzaci\u00f3. L\u2019equip d\u2019organitzaci\u00f3 podr\u00e0, al seu criteri, fer repetir alguna de les s\u00e8ries-finals en cas que ho cregui oport\u00fa. Tamb\u00e9 interpretar\u00e0 la present normativa (o aplicar\u00e0 nous criteris) per una millor i \u00e9s \u00e0gil organitzaci\u00f3.<\/p>\n<p>&nbsp;<\/p>\n<p><strong>Inscriu-te a: <a href=\"mailto:esports@cnelbalis.com\">esports@cnelbalis.com<\/a><\/strong><\/p>\n<p>&nbsp;<\/p>\n<p><strong><a href=\"mailto:esports@cnelbalis.com\"><img loading=\"lazy\" decoding=\"async\" class=\"aligncenter wp-image-2864 size-medium\" src=\"https:\/\/www.cnelbalis.com\/wp-content\/uploads\/vj-wp-import-export\/temp\/2016\/08\/CAMPIONAT-SOCIAL-DE-NATACI\u00d3-212x300.png\" alt=\"CAMPIONAT SOCIAL DE NATACI\u00d3\" width=\"212\" height=\"300\" \/><\/a><\/strong><\/p>\n<p>&nbsp;<\/p>\n","protected":false},"excerpt":{"rendered":"<p>El diumenge 28 d\u2019agost celebrem al CN El Bal\u00eds la competici\u00f3 social de Nataci\u00f3 on tots els socis i els alumnes d\u2019aquest estiu del curs de nataci\u00f3 estan m\u00e9s que convidats! No es tracta d\u2019una competici\u00f3 oficial, sin\u00f3 una festa esportiva a la piscina del Club amb un fi divertit i l\u00fadic. Programa: 10:30 Verificaci\u00f3 [&hellip;]<\/p>\n","protected":false},"author":1,"featured_media":0,"comment_status":"open","ping_status":"open","sticky":false,"template":"","format":"standard","meta":{"footnotes":""},"categories":[782,26],"tags":[65,66,67,68],"class_list":["post-28491","post","type-post","status-publish","format-standard","hentry","category-esport","category-social","tag-balis","tag-campionat","tag-natacio","tag-social"],"acf":[],"_links":{"self":[{"href":"https:\/\/www.cnelbalis.com\/ca\/wp-json\/wp\/v2\/posts\/28491","targetHints":{"allow":["GET"]}}],"collection":[{"href":"https:\/\/www.cnelbalis.com\/ca\/wp-json\/wp\/v2\/posts"}],"about":[{"href":"https:\/\/www.cnelbalis.com\/ca\/wp-json\/wp\/v2\/types\/post"}],"author":[{"embeddable":true,"href":"https:\/\/www.cnelbalis.com\/ca\/wp-json\/wp\/v2\/users\/1"}],"replies":[{"embeddable":true,"href":"https:\/\/www.cnelbalis.com\/ca\/wp-json\/wp\/v2\/comments?post=28491"}],"version-history":[{"count":1,"href":"https:\/\/www.cnelbalis.com\/ca\/wp-json\/wp\/v2\/posts\/28491\/revisions"}],"predecessor-version":[{"id":30524,"href":"https:\/\/www.cnelbalis.com\/ca\/wp-json\/wp\/v2\/posts\/28491\/revisions\/30524"}],"wp:attachment":[{"href":"https:\/\/www.cnelbalis.com\/ca\/wp-json\/wp\/v2\/media?parent=28491"}],"wp:term":[{"taxonomy":"category","embeddable":true,"href":"https:\/\/www.cnelbalis.com\/ca\/wp-json\/wp\/v2\/categories?post=28491"},{"taxonomy":"post_tag","embeddable":true,"href":"https:\/\/www.cnelbalis.com\/ca\/wp-json\/wp\/v2\/tags?post=28491"}],"curies":[{"name":"wp","href":"https:\/\/api.w.org\/{rel}","templated":true}]}}