{"id":28476,"date":"2016-07-25T15:06:08","date_gmt":"2016-07-25T13:06:08","guid":{"rendered":"https:\/\/club.cnelbalis.com\/lstage-a-galicia-una-aventura-per-recordar\/"},"modified":"2022-06-24T08:57:19","modified_gmt":"2022-06-24T06:57:19","slug":"lstage-a-galicia-una-aventura-per-recordar","status":"publish","type":"post","link":"https:\/\/www.cnelbalis.com\/ca\/lstage-a-galicia-una-aventura-per-recordar\/","title":{"rendered":"L\u2019Stage a Gal\u00edcia: una aventura per recordar"},"content":{"rendered":"<p>Els nostres nois de Windsurf ja han tornat del seu stage a Gal\u00edcia, un stage que els hi ha servit per aprendre i millorar la t\u00e8cnica que ja portaven apresa des de El Bal\u00eds.<\/p>\n<p>L&#8217;experi\u00e8ncia que ha viscut la Nat\u00e0lia, en Javi, en Nil, la Martina, la Julia i en Marc ha estat \u00fanica i molt divertida. Des que van comen\u00e7ar el cam\u00ed rumb a Gal\u00edcia, els nois ja estaven esperant onades i vent per provar qu\u00e8 era fer Windsfurf a l&#8217;Oce\u00e0 Atl\u00e0ntic.<\/p>\n<p>Durant la setmana que han estat per terres gallegues, tot l&#8217;equip ha navegat amb 7-13 nusos de vent, fet que els ha perm\u00e8s millorar la t\u00e8cnica de planeig, a m\u00e9s de complementar l&#8217;entrenament dominant millor la taula en situaci\u00f3 de planeig, afinar la t\u00e8cnica per aprofitar les onades a les empopades i, per descomptat, enfortir tots els m\u00fasculs del cos. A banda de l&#8217;\u00e0mbit esportiu, tamb\u00e9 han pogut gaudir, divertir-se i fer surf per les platges m\u00e9s caracter\u00edstiques de Gal\u00edcia. I a m\u00e9s, han navegat rodejats de dofins!<\/p>\n<p>En definitiva, una aventura que mai oblidaran i que ja esperen que arribi l&#8217;any que ve per repetir-la!<\/p>\n<p><img loading=\"lazy\" decoding=\"async\" class=\"aligncenter size-full wp-image-4828\" src=\"https:\/\/www.cnelbalis.com\/wp-content\/uploads\/vj-w\/-i\/3.jpg\" alt=\"3\" width=\"320\" height=\"126\" \/><\/p>\n","protected":false},"excerpt":{"rendered":"<p>Els nostres nois de Windsurf ja han tornat del seu stage a Gal\u00edcia, un stage que els hi ha servit per aprendre i millorar la t\u00e8cnica que ja portaven apresa des de El Bal\u00eds. L&#8217;experi\u00e8ncia que ha viscut la Nat\u00e0lia, en Javi, en Nil, la Martina, la Julia i en Marc ha estat \u00fanica i [&hellip;]<\/p>\n","protected":false},"author":1,"featured_media":4762,"comment_status":"open","ping_status":"open","sticky":false,"template":"","format":"standard","meta":{"footnotes":""},"categories":[783],"tags":[],"class_list":["post-28476","post","type-post","status-publish","format-standard","has-post-thumbnail","hentry","category-escola"],"acf":[],"_links":{"self":[{"href":"https:\/\/www.cnelbalis.com\/ca\/wp-json\/wp\/v2\/posts\/28476","targetHints":{"allow":["GET"]}}],"collection":[{"href":"https:\/\/www.cnelbalis.com\/ca\/wp-json\/wp\/v2\/posts"}],"about":[{"href":"https:\/\/www.cnelbalis.com\/ca\/wp-json\/wp\/v2\/types\/post"}],"author":[{"embeddable":true,"href":"https:\/\/www.cnelbalis.com\/ca\/wp-json\/wp\/v2\/users\/1"}],"replies":[{"embeddable":true,"href":"https:\/\/www.cnelbalis.com\/ca\/wp-json\/wp\/v2\/comments?post=28476"}],"version-history":[{"count":1,"href":"https:\/\/www.cnelbalis.com\/ca\/wp-json\/wp\/v2\/posts\/28476\/revisions"}],"predecessor-version":[{"id":28540,"href":"https:\/\/www.cnelbalis.com\/ca\/wp-json\/wp\/v2\/posts\/28476\/revisions\/28540"}],"wp:featuredmedia":[{"embeddable":true,"href":"https:\/\/www.cnelbalis.com\/ca\/wp-json\/wp\/v2\/media\/4762"}],"wp:attachment":[{"href":"https:\/\/www.cnelbalis.com\/ca\/wp-json\/wp\/v2\/media?parent=28476"}],"wp:term":[{"taxonomy":"category","embeddable":true,"href":"https:\/\/www.cnelbalis.com\/ca\/wp-json\/wp\/v2\/categories?post=28476"},{"taxonomy":"post_tag","embeddable":true,"href":"https:\/\/www.cnelbalis.com\/ca\/wp-json\/wp\/v2\/tags?post=28476"}],"curies":[{"name":"wp","href":"https:\/\/api.w.org\/{rel}","templated":true}]}}