{"id":28465,"date":"2016-06-13T15:57:03","date_gmt":"2016-06-13T13:57:03","guid":{"rendered":"https:\/\/club.cnelbalis.com\/la-copa-despanya-a-cinc-dies-de-la-gran-festa-de-loptimist-a-el-balis\/"},"modified":"2022-06-24T08:57:20","modified_gmt":"2022-06-24T06:57:20","slug":"la-copa-despanya-a-cinc-dies-de-la-gran-festa-de-loptimist-a-el-balis","status":"publish","type":"post","link":"https:\/\/www.cnelbalis.com\/ca\/la-copa-despanya-a-cinc-dies-de-la-gran-festa-de-loptimist-a-el-balis\/","title":{"rendered":"La copa d&#8217;Espanya, a cinc dies de la gran festa de l&#8217;Optimist a El Bal\u00eds"},"content":{"rendered":"<p>La Copa de Espanya, que es disputar\u00e0 entre els dies 17 al 20 de juny, ser\u00e0 la segona i \u00faltima oportunitat per entrar a formar part dels dos equips nacionals per al Mundial de Portugal i d&#8217;Europa a It\u00e0lia<br \/>\nLa xifra oficial, a falta de cinc dies per a l&#8217;arrencada de la competici\u00f3, es tanca amb 143 inscrits de 12 comunitats aut\u00f2nomes, 3 d&#8217;elles d&#8217;aig\u00fces interiors<\/p>\n<p>El Club N\u00e0utic El Bal\u00eds intensifica aquests dies els seus treballs per oferir una de les millors imatges per a la gran festa de la vela infantil que comen\u00e7ar\u00e0 el proper divendres 17, concloent el dilluns 20 de juny, dia en qu\u00e8 es coneixer\u00e0 el campi\u00f3, o campiona, de la Copa d&#8217;Espanya d&#8217;Optimist, \u00faltima cita important a nivell nacional per a les joves promeses de la vela.<br \/>\nLa copa \u00e9s la segona i \u00faltima oportunitat per aconseguir un bitllet, dels 13 que hi ha disponibles, per conformar els equips nacionals per al Mundial de Portugal, primera cita (27 de juny al 7 de juliol) amb 5 integrants i Europeu a It\u00e0lia (15 al 22 de juliol) compost per 8 regatistes.<br \/>\nEl campionat de Espa\u00f1a, celebrat a finals de mar\u00e7 a Gran Can\u00e0ria, Samuel Beneyto va aconseguir el t\u00edtol. Una cita que va tenir marcat color canari ja que les tres primeres places de podi absolut van tenir als regatista canaris com a protagonistes: Beneyto (RCN Gran Can\u00e0ria) primer, seguit d&#8217;Alberto Morales (CN Escull) i Rub\u00e9n Naranjo (RCN Gran Can\u00e0ria).<br \/>\nEn categoria femenina sub-16 la gallega Alba Trigo (RCN Sansenxo) es va endur el m\u00e0xim trofeu, mentre que a SUB13, Antonio Villal\u00f3n (RC Mediterr\u00e1neo) en nois i la balear Laura Mart\u00ednez (RCN Palma), en noies, es van fer amb el t\u00edtol Nacional.<br \/>\nPel que fa a la cita de El Bal\u00eds, estan programades un total de nou proves, iniciant-se la competici\u00f3 el proper dissabte 18 de juny. A la tres jornades el comit\u00e8 ha previst el senyal d&#8217;atenci\u00f3 a la primera prova del dia a les 11:00 hores, excepte canvis. El divendres 17 de juny es celebrar\u00e0 la cerim\u00f2nia d&#8217;inauguraci\u00f3 a les 19:30 hores.<\/p>\n<p><img loading=\"lazy\" decoding=\"async\" class=\"aligncenter size-full wp-image-4910\" src=\"https:\/\/www.cnelbalis.com\/wp-content\/uploads\/vj-w\/-i\/20.jpg\" alt=\"20\" width=\"320\" height=\"202\" \/><\/p>\n","protected":false},"excerpt":{"rendered":"<p>La Copa de Espanya, que es disputar\u00e0 entre els dies 17 al 20 de juny, ser\u00e0 la segona i \u00faltima oportunitat per entrar a formar part dels dos equips nacionals per al Mundial de Portugal i d&#8217;Europa a It\u00e0lia La xifra oficial, a falta de cinc dies per a l&#8217;arrencada de la competici\u00f3, es tanca [&hellip;]<\/p>\n","protected":false},"author":1,"featured_media":5593,"comment_status":"open","ping_status":"open","sticky":false,"template":"","format":"standard","meta":{"footnotes":""},"categories":[782,23],"tags":[30,906,32],"class_list":["post-28465","post","type-post","status-publish","format-standard","has-post-thumbnail","hentry","category-esport","category-vela","tag-cn-el-balis","tag-copa-despanya","tag-optimist"],"acf":[],"_links":{"self":[{"href":"https:\/\/www.cnelbalis.com\/ca\/wp-json\/wp\/v2\/posts\/28465","targetHints":{"allow":["GET"]}}],"collection":[{"href":"https:\/\/www.cnelbalis.com\/ca\/wp-json\/wp\/v2\/posts"}],"about":[{"href":"https:\/\/www.cnelbalis.com\/ca\/wp-json\/wp\/v2\/types\/post"}],"author":[{"embeddable":true,"href":"https:\/\/www.cnelbalis.com\/ca\/wp-json\/wp\/v2\/users\/1"}],"replies":[{"embeddable":true,"href":"https:\/\/www.cnelbalis.com\/ca\/wp-json\/wp\/v2\/comments?post=28465"}],"version-history":[{"count":1,"href":"https:\/\/www.cnelbalis.com\/ca\/wp-json\/wp\/v2\/posts\/28465\/revisions"}],"predecessor-version":[{"id":28557,"href":"https:\/\/www.cnelbalis.com\/ca\/wp-json\/wp\/v2\/posts\/28465\/revisions\/28557"}],"wp:featuredmedia":[{"embeddable":true,"href":"https:\/\/www.cnelbalis.com\/ca\/wp-json\/wp\/v2\/media\/5593"}],"wp:attachment":[{"href":"https:\/\/www.cnelbalis.com\/ca\/wp-json\/wp\/v2\/media?parent=28465"}],"wp:term":[{"taxonomy":"category","embeddable":true,"href":"https:\/\/www.cnelbalis.com\/ca\/wp-json\/wp\/v2\/categories?post=28465"},{"taxonomy":"post_tag","embeddable":true,"href":"https:\/\/www.cnelbalis.com\/ca\/wp-json\/wp\/v2\/tags?post=28465"}],"curies":[{"name":"wp","href":"https:\/\/api.w.org\/{rel}","templated":true}]}}