{"id":28464,"date":"2016-06-17T15:56:28","date_gmt":"2016-06-17T13:56:28","guid":{"rendered":"https:\/\/club.cnelbalis.com\/samplien-les-activitats-dirigides-del-fitness-center-el-balis\/"},"modified":"2022-06-24T08:57:20","modified_gmt":"2022-06-24T06:57:20","slug":"samplien-les-activitats-dirigides-del-fitness-center-el-balis","status":"publish","type":"post","link":"https:\/\/www.cnelbalis.com\/ca\/samplien-les-activitats-dirigides-del-fitness-center-el-balis\/","title":{"rendered":"S&#8217;amplien les activitats dirigides del Fitness Center El Bal\u00eds"},"content":{"rendered":"<p>El proper 1 de juliol comen\u00e7a l\u2019estiu m\u00e9s actiu al CN El Bal\u00eds.<\/p>\n<p>En una clara aposta per convertir el Club en un centre esportiu de refer\u00e8ncia a la comarca, s\u2019ha ampliat l\u2019oferta d\u2019activitats dirigides seguint les noves tend\u00e8ncies en el fitness, amb novetats com la gimn\u00e0stica abdominal hipopressiva, el beach cross training, el ioga a la platja, la dansa bollywood i el SUPioga&amp;pilates. Alhora s\u2019han mantingut les activitats que ja tenen adeptes des de fa anys com l\u2019aquagym, la zumba, el pilates o el GAP.<\/p>\n<p>Aix\u00ed mateix, s\u2019ha obert l\u2019escola de nataci\u00f3 en aig\u00fces obertes en col\u00b7laboraci\u00f3 amb els especialistes de Swim Emotions i les sortides de rem en llagut catal\u00e0.<\/p>\n<p>Cal tenir en compte que s&#8217;ofereixen noves quotes adaptades a totes les edats i perfils, com per exemple la QUOTA JOVE (menors de 40 anys) a partir de 30\u20ac\/mes.<\/p>\n<p>No esperis m\u00e9s i apunta\u2019t avui mateix! Si ho fas abans del 27 de juny et regalem la matr\u00edcula!! (promoci\u00f3 per a no socis)<\/p>\n<p>Demana les tarifes i m\u00e9s informaci\u00f3 al 93 792 99 00 o al mail esports@cnelbalis.com<\/p>\n<p><img loading=\"lazy\" decoding=\"async\" class=\"aligncenter size-full wp-image-4908\" src=\"https:\/\/www.cnelbalis.com\/wp-content\/uploads\/vj-w\/-i\/19.jpg\" alt=\"19\" width=\"320\" height=\"226\" \/><\/p>\n","protected":false},"excerpt":{"rendered":"<p>El proper 1 de juliol comen\u00e7a l\u2019estiu m\u00e9s actiu al CN El Bal\u00eds. En una clara aposta per convertir el Club en un centre esportiu de refer\u00e8ncia a la comarca, s\u2019ha ampliat l\u2019oferta d\u2019activitats dirigides seguint les noves tend\u00e8ncies en el fitness, amb novetats com la gimn\u00e0stica abdominal hipopressiva, el beach cross training, el ioga [&hellip;]<\/p>\n","protected":false},"author":1,"featured_media":5587,"comment_status":"open","ping_status":"open","sticky":false,"template":"","format":"standard","meta":{"footnotes":""},"categories":[783,782],"tags":[998],"class_list":["post-28464","post","type-post","status-publish","format-standard","has-post-thumbnail","hentry","category-escola","category-esport","tag-fitness-center"],"acf":[],"_links":{"self":[{"href":"https:\/\/www.cnelbalis.com\/ca\/wp-json\/wp\/v2\/posts\/28464","targetHints":{"allow":["GET"]}}],"collection":[{"href":"https:\/\/www.cnelbalis.com\/ca\/wp-json\/wp\/v2\/posts"}],"about":[{"href":"https:\/\/www.cnelbalis.com\/ca\/wp-json\/wp\/v2\/types\/post"}],"author":[{"embeddable":true,"href":"https:\/\/www.cnelbalis.com\/ca\/wp-json\/wp\/v2\/users\/1"}],"replies":[{"embeddable":true,"href":"https:\/\/www.cnelbalis.com\/ca\/wp-json\/wp\/v2\/comments?post=28464"}],"version-history":[{"count":1,"href":"https:\/\/www.cnelbalis.com\/ca\/wp-json\/wp\/v2\/posts\/28464\/revisions"}],"predecessor-version":[{"id":28556,"href":"https:\/\/www.cnelbalis.com\/ca\/wp-json\/wp\/v2\/posts\/28464\/revisions\/28556"}],"wp:featuredmedia":[{"embeddable":true,"href":"https:\/\/www.cnelbalis.com\/ca\/wp-json\/wp\/v2\/media\/5587"}],"wp:attachment":[{"href":"https:\/\/www.cnelbalis.com\/ca\/wp-json\/wp\/v2\/media?parent=28464"}],"wp:term":[{"taxonomy":"category","embeddable":true,"href":"https:\/\/www.cnelbalis.com\/ca\/wp-json\/wp\/v2\/categories?post=28464"},{"taxonomy":"post_tag","embeddable":true,"href":"https:\/\/www.cnelbalis.com\/ca\/wp-json\/wp\/v2\/tags?post=28464"}],"curies":[{"name":"wp","href":"https:\/\/api.w.org\/{rel}","templated":true}]}}