{"id":28463,"date":"2016-06-18T15:53:47","date_gmt":"2016-06-18T13:53:47","guid":{"rendered":"https:\/\/club.cnelbalis.com\/conrad-konitzer-es-colloca-lider-a-el-balis\/"},"modified":"2022-06-24T08:57:20","modified_gmt":"2022-06-24T06:57:20","slug":"conrad-konitzer-es-colloca-lider-a-el-balis","status":"publish","type":"post","link":"https:\/\/www.cnelbalis.com\/ca\/conrad-konitzer-es-colloca-lider-a-el-balis\/","title":{"rendered":"Conrad Konitzer es col\u00b7loca l\u00edder a El Bal\u00eds"},"content":{"rendered":"<p>El local Arnau Gelp\u00ed se situa segon, mentre que els balears Nelsi\u00f3n Rosell\u00f3 i Marina Garau ocupen la tercera pla\u00e7a, tots dos empatats amb 19 puntos, despr\u00e9s de tancar-se la primera jornada en s&#8217;han completat tres proves<\/p>\n<p>El Bal\u00eds ja te el seu primer l\u00edder a la Copa d&#8217;Espanya de la classe Optimist. El balear Conrad Konitzer, del Club N\u00e0utic S&#8217;Arenal, s&#8217;ha col\u00b7locat l\u00edder al final de la primera de les tres jornades previstes. Un dia marcat per la pluja i un vent que s&#8217;ha fet esperar, per\u00f2 que despr\u00e9s ha perm\u00e8s completar el programa de tres proves.<\/p>\n<p>A primera hora del mat\u00ed una intensa pluja oferia a la fam\u00edlia Optimist un panorama gris i fosc, per\u00f2 un petit clar donava respir. Sobre les 12:30 hores es podia hissar Delta i gaireb\u00e9 una hora m\u00e9s tard arrencava la Copa d&#8217;Espanya, que conclour\u00e0 el proper dilluns, 20 de juny.<\/p>\n<p>Molt en joc i els favorits, amb opcions d&#8217;obtenir alguna cosa m\u00e9s que el premi de la copa, no han fallat a El Bal\u00eds. Molt segur s&#8217;ha mostrat el balear de S&#8217;Arenal Konitzer. La seva regularitat li permet liderar els 143 vaixells inscrits. En la seva primera prova tancava cinqu\u00e8, mentre que en les dues seg\u00fcents ha fet dos segons llocs que li han atorgat un marge important en sumar 9 punts per 14 que ha obtingut el segon classificat, Arnau Gelp\u00ed.<\/p>\n<p>El local Gelp\u00ed ha comen\u00e7at b\u00e9 en els blaus, amb un treballat sis\u00e8 lloc. A la segona prova, en canvi, no ha estat fi i ha perdut dos llocs. Per\u00f2 ja en la tercera, el catal\u00e0 s&#8217;ha mostrat molt fort i mostrant la seva candidatura al podi, despr\u00e9s d&#8217;aconseguir el seu primer triomf parcial.<\/p>\n<p>La igualtat entre la flota Optimist ha quedat de manifest en les tres proves, sense un clar favorit, amb moltes alternances en els llocs de dalt. Tamb\u00e9 ha quedat reflectida en la tercera pla\u00e7a de podi provisional, amb dos propietaris i ambd\u00f3s Balears i empatats a 19 punts. Els millors parcials de Melsi\u00f3n Rosell\u00f3 (RCN Palma) -dos participacions mundialistes amb Espanya seguides; Argentina i Pol\u00f2nia &#8211; li permeten posar un peu per davant de Marina Garau (CN C&#8217;an Patilla). Rosell\u00f3 ha signat 2-14-3, mentre que Garau ha fet un 2-9-8.<\/p>\n<p>En f\u00e8mines, Garua lidera el grup de noies, seguida d&#8217;Alicia Fras (CN Cambrils), sisena a la general absoluta, i la gallega Alba Trigo (RCN Sanxenxo), 15\u00aa a la general. En SUB13, Nacho Baltasar (CN R\u00e0pita) es col\u00b7loca l\u00edder -28\u00ba a la general- despr\u00e9s d&#8217;aconseguir uns bons n\u00fameros, 2-12-50. El top ten absolut queda tancat a m\u00e9s de Konitzer, Gelp\u00ed, Rosell\u00f3 i Garau, amb Enrique Urios (RCN Val\u00e8ncia); Alicia Fras (CN Cambrils), aquests dos \u00faltims empatats a 25 punts; Samuel Beneyto (RCN Gran Can\u00e0ria); Jordi Llad\u00f3 (RCN Palma); Manuel \u00c1lvarez-Dardet (CN Port Sherry) i Nicol\u00e1s Garc\u00eda (RCN Gran Can\u00e0ria).<\/p>\n<p>Dem\u00e0 diumenge, 19 de juny, se celebrar\u00e0 la segona jornada de la Copa d&#8217;Espanya al Club N\u00e0utic El Bal\u00eds, on es estan previstes tres proves.<\/p>\n<p><img loading=\"lazy\" decoding=\"async\" class=\"aligncenter size-full wp-image-4897\" src=\"https:\/\/www.cnelbalis.com\/wp-content\/uploads\/vj-w\/-i\/17.jpg\" alt=\"17\" width=\"320\" height=\"212\" \/><\/p>\n","protected":false},"excerpt":{"rendered":"<p>El local Arnau Gelp\u00ed se situa segon, mentre que els balears Nelsi\u00f3n Rosell\u00f3 i Marina Garau ocupen la tercera pla\u00e7a, tots dos empatats amb 19 puntos, despr\u00e9s de tancar-se la primera jornada en s&#8217;han completat tres proves El Bal\u00eds ja te el seu primer l\u00edder a la Copa d&#8217;Espanya de la classe Optimist. El balear [&hellip;]<\/p>\n","protected":false},"author":1,"featured_media":5577,"comment_status":"open","ping_status":"open","sticky":false,"template":"","format":"standard","meta":{"footnotes":""},"categories":[782],"tags":[30,996],"class_list":["post-28463","post","type-post","status-publish","format-standard","has-post-thumbnail","hentry","category-esport","tag-cn-el-balis","tag-conrad-konitzer"],"acf":[],"_links":{"self":[{"href":"https:\/\/www.cnelbalis.com\/ca\/wp-json\/wp\/v2\/posts\/28463","targetHints":{"allow":["GET"]}}],"collection":[{"href":"https:\/\/www.cnelbalis.com\/ca\/wp-json\/wp\/v2\/posts"}],"about":[{"href":"https:\/\/www.cnelbalis.com\/ca\/wp-json\/wp\/v2\/types\/post"}],"author":[{"embeddable":true,"href":"https:\/\/www.cnelbalis.com\/ca\/wp-json\/wp\/v2\/users\/1"}],"replies":[{"embeddable":true,"href":"https:\/\/www.cnelbalis.com\/ca\/wp-json\/wp\/v2\/comments?post=28463"}],"version-history":[{"count":1,"href":"https:\/\/www.cnelbalis.com\/ca\/wp-json\/wp\/v2\/posts\/28463\/revisions"}],"predecessor-version":[{"id":28554,"href":"https:\/\/www.cnelbalis.com\/ca\/wp-json\/wp\/v2\/posts\/28463\/revisions\/28554"}],"wp:featuredmedia":[{"embeddable":true,"href":"https:\/\/www.cnelbalis.com\/ca\/wp-json\/wp\/v2\/media\/5577"}],"wp:attachment":[{"href":"https:\/\/www.cnelbalis.com\/ca\/wp-json\/wp\/v2\/media?parent=28463"}],"wp:term":[{"taxonomy":"category","embeddable":true,"href":"https:\/\/www.cnelbalis.com\/ca\/wp-json\/wp\/v2\/categories?post=28463"},{"taxonomy":"post_tag","embeddable":true,"href":"https:\/\/www.cnelbalis.com\/ca\/wp-json\/wp\/v2\/tags?post=28463"}],"curies":[{"name":"wp","href":"https:\/\/api.w.org\/{rel}","templated":true}]}}