{"id":28462,"date":"2016-06-19T15:52:55","date_gmt":"2016-06-19T13:52:55","guid":{"rendered":"https:\/\/club.cnelbalis.com\/es-defineixen-les-places-de-podi-a-la-copa-doptimist-a-el-balis\/"},"modified":"2022-06-24T08:57:20","modified_gmt":"2022-06-24T06:57:20","slug":"es-defineixen-les-places-de-podi-a-la-copa-doptimist-a-el-balis","status":"publish","type":"post","link":"https:\/\/www.cnelbalis.com\/ca\/es-defineixen-les-places-de-podi-a-la-copa-doptimist-a-el-balis\/","title":{"rendered":"Es defineixen les places de podi a la Copa d&#8217;Optimist a El Bal\u00eds"},"content":{"rendered":"<p>La segona jornada, marcada pel vent, es tanca amb dues proves pel que s&#8217;aplica el descart, amb un canvi import en la classificaci\u00f3 i comprimint molt les cinc primeres places, sent el marge de difer\u00e8ncia de punts entre ells molt curt<\/p>\n<p>Es tanca la segona jornada de la Copa d&#8217;Espanya d&#8217;Optimist que es ve disputant al Club N\u00e0utic El Bal\u00eds i ho fa amb dues proves completades, ja que el vent ha condicionat el programa. Amb una mica m\u00e9s d&#8217;hora i mitja sobre l&#8217;horari previst s&#8217;iniciava la competici\u00f3 amb el grup groc, amb dues sortides nules.<\/p>\n<p>El l\u00edder provisional, Conrad Konitzer (CN S&#8217;Arenal) era conscient de tot el que es jugava i en la primera prova no ha estat gens encertat, veient-se relegat al lloc 21. Amb el descart en joc i sent aquest el pitjor resultat de Konitzer, el balear sabia que no podia fallar pel que en la segona prova del dia, cinquena en el c\u00f2mput global, ha estat perfecte des de la mateixa sortida, aconseguint un meritori tercer lloc.<\/p>\n<p>Aix\u00ed les coses, Konitzer segueix al capdavant de la flota Optimist sumant 12 punts, per 18 del segon i 21 del tercer. Una classificaci\u00f3 que es comprimeix al tancament del dia, de manera que el que la tercera darrera jornada es preveu molt disputada.Per darrere, i en refer\u00e8ncia a la general provisional despr\u00e9s de la segona jornada, cinc proves i un descart, hi ha hagut canvis. El local Arnau Gelp\u00ed (37-5) baixa un lloc i ara \u00e9s tercer amb 21 punts, tres m\u00e9s que el segon: Manuel \u00c1lvarez-Dardet (CN Port Sherry) amb 4-1 en la jornada d&#8217;avui. Els dos tenen opcions de fer alguna cosa m\u00e9s, ja que queda una jornada i tres proves previstes, tot i que no es descarta una quarta.<\/p>\n<p>La igualtat i difer\u00e8ncies m\u00ednimes tamb\u00e9 es troba en els seg\u00fcents llocs de la taula, i sobretot despr\u00e9s dels parcials irregulars en la jornada d&#8217;avui. El balear Melsi\u00f3n Rosell\u00f3 (RCN Palma) \u00e9s quart amb 24 punts. Amb un punt de difer\u00e8ncia es troba Enrique Urios (RCN Val\u00e8ncia) i Nacho D\u00e1vila (CN Vilassar de Mar), tots dos amb 25. Entre el lloc set i vuit, ocupats per Jordi Llad\u00f3 (RCN Palma) i Jaume Alcover (CN El Bal\u00eds), la difer\u00e8ncia tamb\u00e9 \u00e9s petita. Llad\u00f3 t\u00e9 27 i Alcover 28.<\/p>\n<p>D&#8217;altra banda, el Club N\u00e0utic El Bal\u00eds, com aix\u00ed ha fet des de l&#8217;arrencada de la copa atorga a cada jornada una medalla als regatistes que aconsegueixen un primer en cadascun dels seus respectius grups. En la jornada d&#8217;avui, han rebut la distinci\u00f3 Alex Tormo (CN S&#8217;Arenal); Guillermo Moreno (CN Port Sherry); Manuel \u00c1lvarez-Dardet (CN Port Sherry) i Gregorio Pera (CN Vilassar de Mar).<\/p>\n<p>Dem\u00e0 dilluns, 20 de juny, \u00faltima jornada al Club N\u00e0utic El Bal\u00eds, despr\u00e9s de concloure la competici\u00f3 se celebrar\u00e0 la clasura i lliurament de trofeus.<\/p>\n<p><img loading=\"lazy\" decoding=\"async\" src=\"https:\/\/www.cnelbalis.com\/wp-content\/uploads\/vj-w\/-i\/16.jpeg\" alt=\"16\" width=\"320\" height=\"196\" class=\"aligncenter size-full wp-image-4895\" \/><\/p>\n","protected":false},"excerpt":{"rendered":"<p>La segona jornada, marcada pel vent, es tanca amb dues proves pel que s&#8217;aplica el descart, amb un canvi import en la classificaci\u00f3 i comprimint molt les cinc primeres places, sent el marge de difer\u00e8ncia de punts entre ells molt curt Es tanca la segona jornada de la Copa d&#8217;Espanya d&#8217;Optimist que es ve disputant [&hellip;]<\/p>\n","protected":false},"author":1,"featured_media":2294,"comment_status":"open","ping_status":"open","sticky":false,"template":"","format":"standard","meta":{"footnotes":""},"categories":[782],"tags":[30,994],"class_list":["post-28462","post","type-post","status-publish","format-standard","has-post-thumbnail","hentry","category-esport","tag-cn-el-balis","tag-copa-optimist"],"acf":[],"_links":{"self":[{"href":"https:\/\/www.cnelbalis.com\/ca\/wp-json\/wp\/v2\/posts\/28462","targetHints":{"allow":["GET"]}}],"collection":[{"href":"https:\/\/www.cnelbalis.com\/ca\/wp-json\/wp\/v2\/posts"}],"about":[{"href":"https:\/\/www.cnelbalis.com\/ca\/wp-json\/wp\/v2\/types\/post"}],"author":[{"embeddable":true,"href":"https:\/\/www.cnelbalis.com\/ca\/wp-json\/wp\/v2\/users\/1"}],"replies":[{"embeddable":true,"href":"https:\/\/www.cnelbalis.com\/ca\/wp-json\/wp\/v2\/comments?post=28462"}],"version-history":[{"count":1,"href":"https:\/\/www.cnelbalis.com\/ca\/wp-json\/wp\/v2\/posts\/28462\/revisions"}],"predecessor-version":[{"id":28553,"href":"https:\/\/www.cnelbalis.com\/ca\/wp-json\/wp\/v2\/posts\/28462\/revisions\/28553"}],"wp:featuredmedia":[{"embeddable":true,"href":"https:\/\/www.cnelbalis.com\/ca\/wp-json\/wp\/v2\/media\/2294"}],"wp:attachment":[{"href":"https:\/\/www.cnelbalis.com\/ca\/wp-json\/wp\/v2\/media?parent=28462"}],"wp:term":[{"taxonomy":"category","embeddable":true,"href":"https:\/\/www.cnelbalis.com\/ca\/wp-json\/wp\/v2\/categories?post=28462"},{"taxonomy":"post_tag","embeddable":true,"href":"https:\/\/www.cnelbalis.com\/ca\/wp-json\/wp\/v2\/tags?post=28462"}],"curies":[{"name":"wp","href":"https:\/\/api.w.org\/{rel}","templated":true}]}}