{"id":28461,"date":"2016-06-21T15:20:03","date_gmt":"2016-06-21T13:20:03","guid":{"rendered":"https:\/\/club.cnelbalis.com\/final-del-projecte-inser-vela\/"},"modified":"2022-06-24T08:57:19","modified_gmt":"2022-06-24T06:57:19","slug":"final-del-projecte-inser-vela","status":"publish","type":"post","link":"https:\/\/www.cnelbalis.com\/ca\/final-del-projecte-inser-vela\/","title":{"rendered":"Final del projecte Inser-Vela"},"content":{"rendered":"<p>Aquest mes de juny s\u2019ha donat per finalitzat el per\u00edode formatiu dels alumnes del Projecte Inser-Vela, un projecte social que va engegar la Federaci\u00f3 Catalana de Vela per tal d\u2019afavorir als joves amb risc d\u2019exclusi\u00f3 social.   <\/p>\n<p>Enguany, el CN El Bal\u00eds, amb la col\u00b7laboraci\u00f3 de l\u2019Ajuntament de Sant Andreu de Llavaneres, s\u2019ha sumat a la iniciativa per ajudar a aquests joves. El projecte ha tingut una durada de 6 mesos amb la finalitat de facilitar la formaci\u00f3 i la inserci\u00f3 laboral. Durant aquest temps han apr\u00e8s a navegar, han superat els estudis de monitor col\u00b7laborador i les pr\u00e0ctiques associades, el que els ha perm\u00e8s ser contractats pel Club per tal de que comencin un recorregut laboral.<\/p>\n<p>El divendres 17 de juny es va celebrar la festa final d\u2019Inser-Vela on es van ajuntar tots els Clubs que han participat en la iniciativa. L\u2019acte va estar presidit pel President de la Federaci\u00f3 Catalana de Vela, Xavier Torres, el Gerent de la mateixa Federaci\u00f3, Josep Sagu\u00e9s, i pel Responsable de la Junta de Vela Social, Joan M\u00aa Roig. Aquests van entregar a tots els alumnes un diploma per tot el treball i esfor\u00e7 que han fet durant tot aquest temps.  <\/p>\n<p>Moltes felicitats als joves d\u2019Inser-Vela per haver assolit el seu objectiu!! <\/p>\n<p><img loading=\"lazy\" decoding=\"async\" src=\"https:\/\/www.cnelbalis.com\/wp-content\/uploads\/vj-w\/-i\/14.jpg\" alt=\"14\" width=\"320\" height=\"180\" class=\"aligncenter size-full wp-image-4872\" \/><\/p>\n","protected":false},"excerpt":{"rendered":"<p>Aquest mes de juny s\u2019ha donat per finalitzat el per\u00edode formatiu dels alumnes del Projecte Inser-Vela, un projecte social que va engegar la Federaci\u00f3 Catalana de Vela per tal d\u2019afavorir als joves amb risc d\u2019exclusi\u00f3 social. Enguany, el CN El Bal\u00eds, amb la col\u00b7laboraci\u00f3 de l\u2019Ajuntament de Sant Andreu de Llavaneres, s\u2019ha sumat a la [&hellip;]<\/p>\n","protected":false},"author":1,"featured_media":2364,"comment_status":"open","ping_status":"open","sticky":false,"template":"","format":"standard","meta":{"footnotes":""},"categories":[783],"tags":[30,992],"class_list":["post-28461","post","type-post","status-publish","format-standard","has-post-thumbnail","hentry","category-escola","tag-cn-el-balis","tag-inser-vela"],"acf":[],"_links":{"self":[{"href":"https:\/\/www.cnelbalis.com\/ca\/wp-json\/wp\/v2\/posts\/28461","targetHints":{"allow":["GET"]}}],"collection":[{"href":"https:\/\/www.cnelbalis.com\/ca\/wp-json\/wp\/v2\/posts"}],"about":[{"href":"https:\/\/www.cnelbalis.com\/ca\/wp-json\/wp\/v2\/types\/post"}],"author":[{"embeddable":true,"href":"https:\/\/www.cnelbalis.com\/ca\/wp-json\/wp\/v2\/users\/1"}],"replies":[{"embeddable":true,"href":"https:\/\/www.cnelbalis.com\/ca\/wp-json\/wp\/v2\/comments?post=28461"}],"version-history":[{"count":1,"href":"https:\/\/www.cnelbalis.com\/ca\/wp-json\/wp\/v2\/posts\/28461\/revisions"}],"predecessor-version":[{"id":28551,"href":"https:\/\/www.cnelbalis.com\/ca\/wp-json\/wp\/v2\/posts\/28461\/revisions\/28551"}],"wp:featuredmedia":[{"embeddable":true,"href":"https:\/\/www.cnelbalis.com\/ca\/wp-json\/wp\/v2\/media\/2364"}],"wp:attachment":[{"href":"https:\/\/www.cnelbalis.com\/ca\/wp-json\/wp\/v2\/media?parent=28461"}],"wp:term":[{"taxonomy":"category","embeddable":true,"href":"https:\/\/www.cnelbalis.com\/ca\/wp-json\/wp\/v2\/categories?post=28461"},{"taxonomy":"post_tag","embeddable":true,"href":"https:\/\/www.cnelbalis.com\/ca\/wp-json\/wp\/v2\/tags?post=28461"}],"curies":[{"name":"wp","href":"https:\/\/api.w.org\/{rel}","templated":true}]}}